{"id":88,"date":"2017-09-05T10:22:00","date_gmt":"2017-09-05T09:22:00","guid":{"rendered":"https:\/\/www.bonsaicenter.es\/blog\/nada-especial-que-contar-deprebonsai\/"},"modified":"2019-05-09T16:16:49","modified_gmt":"2019-05-09T15:16:49","slug":"nada-especial-que-contar-deprebonsai","status":"publish","type":"post","link":"https:\/\/www.bonsaicenter.es\/blog\/2017\/09\/nada-especial-que-contar-deprebonsai\/","title":{"rendered":"Nada especial que contar. DepreBonsai."},"content":{"rendered":"<div class=\"MsoNormal\" style=\"text-align: center;\">\n<b>Nada especial que contar.&nbsp;<\/b><\/div>\n<div class=\"MsoNormal\">\n<b>Es martes y estoy depre. Se han<br \/>\nacabado las vacaciones.<\/b><\/div>\n<div class=\"MsoNormal\">\n<b>Llego al bons\u00e1i. Los perros me dan la espalda. 20 d\u00edas sin<br \/>\nverlos son muchos d\u00edas as\u00ed que ni se dignan dirigirme la palabra. Despu\u00e9s de un<br \/>\nrato de palabras cari\u00f1osas y caricias comienzan a mover el rabo ,se\u00f1al de que<br \/>\nme han perdonado la ausencia.<\/b><\/div>\n<p><b><\/p>\n<p><\/b><\/p>\n<div class=\"MsoNormal\">\n<\/div>\n<div class=\"separator\" style=\"clear: both; text-align: center;\">\n<b><a href=\"https:\/\/www.bonsaicenter.es\/blog\/wp-content\/uploads\/2017\/09\/Bonsaidetalles28829.jpg\" imageanchor=\"1\" style=\"margin-left: 1em; margin-right: 1em;\"><img fetchpriority=\"high\" decoding=\"async\" border=\"0\" data-original-height=\"448\" data-original-width=\"437\" height=\"400\" src=\"https:\/\/www.bonsaicenter.es\/blog\/wp-content\/uploads\/2017\/09\/Bonsaidetalles28829.jpg\" width=\"390\" \/><\/a><\/b><\/div>\n<p>\n<b><\/p>\n<p><\/b><\/p>\n<div class=\"MsoNormal\">\n<br \/>\n<a name='more'><\/a><\/div>\n<div class=\"MsoNormal\">\n<b>Continuo con mi visita bons\u00e1i por bons\u00e1i. Uff, este necesita<br \/>\npoda, aquel un poco menos de agua, a finales de semana, abono a todos. Miro si<br \/>\nhay alg\u00fan bicho indeseable. De manera inconsciente voy quitando hierbas y hojas<br \/>\namarillas a medida que voy revisando las estanter\u00edas.<\/b><\/div>\n<p><b><\/p>\n<p><\/b><\/p>\n<div class=\"MsoNormal\">\n<\/div>\n<div class=\"separator\" style=\"clear: both; text-align: center;\">\n<b><a href=\"https:\/\/www.bonsaicenter.es\/blog\/wp-content\/uploads\/2017\/09\/Bonsaidetalles28229.jpg\" imageanchor=\"1\" style=\"margin-left: 1em; margin-right: 1em;\"><img decoding=\"async\" border=\"0\" data-original-height=\"404\" data-original-width=\"513\" height=\"315\" src=\"https:\/\/www.bonsaicenter.es\/blog\/wp-content\/uploads\/2017\/09\/Bonsaidetalles28229.jpg\" width=\"400\" \/><\/a><\/b><\/div>\n<p><\/p>\n<div class=\"separator\" style=\"clear: both; text-align: center;\">\n<b><a href=\"https:\/\/www.bonsaicenter.es\/blog\/wp-content\/uploads\/2017\/09\/Bonsaidetalles28329.jpg\" imageanchor=\"1\" style=\"margin-left: 1em; margin-right: 1em;\"><img decoding=\"async\" border=\"0\" data-original-height=\"443\" data-original-width=\"575\" height=\"307\" src=\"https:\/\/www.bonsaicenter.es\/blog\/wp-content\/uploads\/2017\/09\/Bonsaidetalles28329.jpg\" width=\"400\" \/><\/a><\/b><\/div>\n<p>\n<b><\/p>\n<p><\/b><\/p>\n<div class=\"MsoNormal\">\n<\/div>\n<div class=\"MsoNormal\">\n<b>Pongo al d\u00eda el almac\u00e9n. Productos vendidos que hay que<br \/>\nreponer, bons\u00e1is de esta especie o de <span style=\"mso-spacerun: yes;\">&nbsp;<\/span>esta<br \/>\notra. Este mes de agosto han arrasado con los olmos y con los arces. Es una<br \/>\nbuena noticia.<\/b><\/div>\n<p><b><\/p>\n<p><\/b><\/p>\n<div class=\"MsoNormal\">\n<b>Atiendo a los clientes. Son las 11 de la ma\u00f1ana con jet lag<br \/>\ny el tel\u00e9fono no deja de sonar y los clientes y visitantes no dejan de asomarse<br \/>\npor aqu\u00ed. Unos vienen a recoger sus bons\u00e1is que permanec\u00edan en el servicio de guarder\u00eda,<br \/>\notros a por akadama, a por abono de oto\u00f1o, otro par estaban esperando para<br \/>\nmatricularse en el curso de iniciaci\u00f3n de bons\u00e1i.<\/b><\/div>\n<p><b><\/p>\n<p><\/b><\/p>\n<div class=\"MsoNormal\">\n<b>Me llaman de Valladolid para un par de kokedamas. Otro pide<br \/>\nfotos de pre bons\u00e1is de hayas..Uno que quiere el libro de Naka..<\/b><\/div>\n<p><b><\/p>\n<p><\/b><\/p>\n<div class=\"MsoNormal\">\n<\/div>\n<div class=\"separator\" style=\"clear: both; text-align: center;\">\n<b><a href=\"https:\/\/www.bonsaicenter.es\/blog\/wp-content\/uploads\/2017\/09\/Bonsaidetalles28629.jpg\" imageanchor=\"1\" style=\"margin-left: 1em; margin-right: 1em;\"><img loading=\"lazy\" decoding=\"async\" border=\"0\" data-original-height=\"388\" data-original-width=\"394\" height=\"315\" src=\"https:\/\/www.bonsaicenter.es\/blog\/wp-content\/uploads\/2017\/09\/Bonsaidetalles28629.jpg\" width=\"320\" \/><\/a><\/b><\/div>\n<p><\/p>\n<div class=\"separator\" style=\"clear: both; text-align: center;\">\n<b><a href=\"https:\/\/www.bonsaicenter.es\/blog\/wp-content\/uploads\/2017\/09\/Bonsaidetalles28529.jpg\" imageanchor=\"1\" style=\"margin-left: 1em; margin-right: 1em;\"><img loading=\"lazy\" decoding=\"async\" border=\"0\" data-original-height=\"409\" data-original-width=\"460\" height=\"284\" src=\"https:\/\/www.bonsaicenter.es\/blog\/wp-content\/uploads\/2017\/09\/Bonsaidetalles28529.jpg\" width=\"320\" \/><\/a><\/b><\/div>\n<p>\n<b><\/p>\n<p><\/b><\/p>\n<div class=\"MsoNormal\">\n<b>Vamos que, esto es empezar el d\u00eda con energ\u00eda. Me alegra<br \/>\nvolver a la rutina del trabajo aunque sea todo de golpe.<\/b><\/div>\n<p><b><\/p>\n<p><\/b><\/p>\n<div class=\"MsoNormal\">\n<b>No a\u00f1ado mas Me falta tiempo. El martes pr\u00f3ximo prometo<br \/>\nnovedades.<\/b><\/div>\n<div class=\"MsoNormal\">\n<\/div>\n<div class=\"separator\" style=\"clear: both; text-align: center;\">\n<a href=\"https:\/\/www.bonsaicenter.es\/blog\/wp-content\/uploads\/2017\/09\/Bonsaidetalles28929.jpg\" imageanchor=\"1\" style=\"margin-left: 1em; margin-right: 1em;\"><img loading=\"lazy\" decoding=\"async\" border=\"0\" data-original-height=\"246\" data-original-width=\"423\" height=\"186\" src=\"https:\/\/www.bonsaicenter.es\/blog\/wp-content\/uploads\/2017\/09\/Bonsaidetalles28929.jpg\" width=\"320\" \/><\/a><\/div>\n<div class=\"MsoNormal\">\n<\/div>\n<p><b><\/p>\n<p><\/b><\/p>\n<div class=\"MsoNormal\">\n<b>Un saludo desde Bilbao..<\/b><\/div>\n","protected":false},"excerpt":{"rendered":"<p>Nada especial que contar.&nbsp; Es martes y estoy depre. Se han acabado las vacaciones. Llego al bons\u00e1i. Los perros me dan la espalda. 20 d\u00edas sin verlos son muchos d\u00edas as\u00ed que ni se dignan dirigirme la palabra. Despu\u00e9s de un rato de palabras cari\u00f1osas y caricias comienzan a mover el rabo ,se\u00f1al de que [&hellip;]<\/p>\n","protected":false},"author":2,"featured_media":0,"comment_status":"open","ping_status":"open","sticky":false,"template":"","format":"standard","meta":{"ocean_post_layout":"","ocean_both_sidebars_style":"","ocean_both_sidebars_content_width":0,"ocean_both_sidebars_sidebars_width":0,"ocean_sidebar":"","ocean_second_sidebar":"","ocean_disable_margins":"enable","ocean_add_body_class":"","ocean_shortcode_before_top_bar":"","ocean_shortcode_after_top_bar":"","ocean_shortcode_before_header":"","ocean_shortcode_after_header":"","ocean_has_shortcode":"","ocean_shortcode_after_title":"","ocean_shortcode_before_footer_widgets":"","ocean_shortcode_after_footer_widgets":"","ocean_shortcode_before_footer_bottom":"","ocean_shortcode_after_footer_bottom":"","ocean_display_top_bar":"default","ocean_display_header":"default","ocean_header_style":"","ocean_center_header_left_menu":"","ocean_custom_header_template":"","ocean_custom_logo":0,"ocean_custom_retina_logo":0,"ocean_custom_logo_max_width":0,"ocean_custom_logo_tablet_max_width":0,"ocean_custom_logo_mobile_max_width":0,"ocean_custom_logo_max_height":0,"ocean_custom_logo_tablet_max_height":0,"ocean_custom_logo_mobile_max_height":0,"ocean_header_custom_menu":"","ocean_menu_typo_font_family":"","ocean_menu_typo_font_subset":"","ocean_menu_typo_font_size":0,"ocean_menu_typo_font_size_tablet":0,"ocean_menu_typo_font_size_mobile":0,"ocean_menu_typo_font_size_unit":"px","ocean_menu_typo_font_weight":"","ocean_menu_typo_font_weight_tablet":"","ocean_menu_typo_font_weight_mobile":"","ocean_menu_typo_transform":"","ocean_menu_typo_transform_tablet":"","ocean_menu_typo_transform_mobile":"","ocean_menu_typo_line_height":0,"ocean_menu_typo_line_height_tablet":0,"ocean_menu_typo_line_height_mobile":0,"ocean_menu_typo_line_height_unit":"","ocean_menu_typo_spacing":0,"ocean_menu_typo_spacing_tablet":0,"ocean_menu_typo_spacing_mobile":0,"ocean_menu_typo_spacing_unit":"","ocean_menu_link_color":"","ocean_menu_link_color_hover":"","ocean_menu_link_color_active":"","ocean_menu_link_background":"","ocean_menu_link_hover_background":"","ocean_menu_link_active_background":"","ocean_menu_social_links_bg":"","ocean_menu_social_hover_links_bg":"","ocean_menu_social_links_color":"","ocean_menu_social_hover_links_color":"","ocean_disable_title":"default","ocean_disable_heading":"default","ocean_post_title":"","ocean_post_subheading":"","ocean_post_title_style":"","ocean_post_title_background_color":"","ocean_post_title_background":0,"ocean_post_title_bg_image_position":"","ocean_post_title_bg_image_attachment":"","ocean_post_title_bg_image_repeat":"","ocean_post_title_bg_image_size":"","ocean_post_title_height":0,"ocean_post_title_bg_overlay":0.5,"ocean_post_title_bg_overlay_color":"","ocean_disable_breadcrumbs":"default","ocean_breadcrumbs_color":"","ocean_breadcrumbs_separator_color":"","ocean_breadcrumbs_links_color":"","ocean_breadcrumbs_links_hover_color":"","ocean_display_footer_widgets":"default","ocean_display_footer_bottom":"default","ocean_custom_footer_template":"","ocean_post_oembed":"","ocean_post_self_hosted_media":"","ocean_post_video_embed":"","ocean_link_format":"","ocean_link_format_target":"self","ocean_quote_format":"","ocean_quote_format_link":"post","ocean_gallery_link_images":"on","ocean_gallery_id":[],"footnotes":""},"categories":[26],"tags":[4,18],"class_list":["post-88","post","type-post","status-publish","format-standard","hentry","category-bonsai","tag-bonsai-guarderia","tag-viajes-y-excursiones","entry"],"yoast_head":"<!-- This site is optimized with the Yoast SEO plugin v26.1.1 - https:\/\/yoast.com\/wordpress\/plugins\/seo\/ -->\n<title>Nada especial que contar. DepreBonsai. - El Arte del Bons\u00e1i en Bilbao | Blog de Beti Andres<\/title>\n<meta name=\"robots\" content=\"index, follow, max-snippet:-1, max-image-preview:large, max-video-preview:-1\" \/>\n<link rel=\"canonical\" href=\"https:\/\/www.bonsaicenter.es\/blog\/2017\/09\/nada-especial-que-contar-deprebonsai\/\" \/>\n<meta property=\"og:locale\" content=\"es_ES\" \/>\n<meta property=\"og:type\" content=\"article\" \/>\n<meta property=\"og:title\" content=\"Nada especial que contar. DepreBonsai. - El Arte del Bons\u00e1i en Bilbao | Blog de Beti Andres\" \/>\n<meta property=\"og:description\" content=\"Nada especial que contar.&nbsp; Es martes y estoy depre. Se han acabado las vacaciones. Llego al bons\u00e1i. Los perros me dan la espalda. 20 d\u00edas sin verlos son muchos d\u00edas as\u00ed que ni se dignan dirigirme la palabra. Despu\u00e9s de un rato de palabras cari\u00f1osas y caricias comienzan a mover el rabo ,se\u00f1al de que [&hellip;]\" \/>\n<meta property=\"og:url\" content=\"https:\/\/www.bonsaicenter.es\/blog\/2017\/09\/nada-especial-que-contar-deprebonsai\/\" \/>\n<meta property=\"og:site_name\" content=\"El Arte del Bons\u00e1i en Bilbao | Blog de Beti Andres\" \/>\n<meta property=\"article:publisher\" content=\"https:\/\/www.facebook.com\/BonsaiCenterSopelana\/\" \/>\n<meta property=\"article:author\" content=\"https:\/\/www.facebook.com\/beti.andres\" \/>\n<meta property=\"article:published_time\" content=\"2017-09-05T09:22:00+00:00\" \/>\n<meta property=\"article:modified_time\" content=\"2019-05-09T15:16:49+00:00\" \/>\n<meta property=\"og:image\" content=\"https:\/\/www.bonsaicenter.es\/blog\/wp-content\/uploads\/2017\/09\/Bonsaidetalles28829.jpg\" \/>\n<meta name=\"author\" content=\"Beti Andr\u00e9s\" \/>\n<meta name=\"twitter:card\" content=\"summary_large_image\" \/>\n<meta name=\"twitter:creator\" content=\"@bonsaisopelana\" \/>\n<meta name=\"twitter:site\" content=\"@bonsaisopelana\" \/>\n<meta name=\"twitter:label1\" content=\"Escrito por\" \/>\n\t<meta name=\"twitter:data1\" content=\"Beti Andr\u00e9s\" \/>\n\t<meta name=\"twitter:label2\" content=\"Tiempo de lectura\" \/>\n\t<meta name=\"twitter:data2\" content=\"1 minuto\" \/>\n<!-- \/ Yoast SEO plugin. -->","yoast_head_json":{"title":"Nada especial que contar. DepreBonsai. - El Arte del Bons\u00e1i en Bilbao | Blog de Beti Andres","robots":{"index":"index","follow":"follow","max-snippet":"max-snippet:-1","max-image-preview":"max-image-preview:large","max-video-preview":"max-video-preview:-1"},"canonical":"https:\/\/www.bonsaicenter.es\/blog\/2017\/09\/nada-especial-que-contar-deprebonsai\/","og_locale":"es_ES","og_type":"article","og_title":"Nada especial que contar. DepreBonsai. - El Arte del Bons\u00e1i en Bilbao | Blog de Beti Andres","og_description":"Nada especial que contar.&nbsp; Es martes y estoy depre. Se han acabado las vacaciones. Llego al bons\u00e1i. Los perros me dan la espalda. 20 d\u00edas sin verlos son muchos d\u00edas as\u00ed que ni se dignan dirigirme la palabra. Despu\u00e9s de un rato de palabras cari\u00f1osas y caricias comienzan a mover el rabo ,se\u00f1al de que [&hellip;]","og_url":"https:\/\/www.bonsaicenter.es\/blog\/2017\/09\/nada-especial-que-contar-deprebonsai\/","og_site_name":"El Arte del Bons\u00e1i en Bilbao | Blog de Beti Andres","article_publisher":"https:\/\/www.facebook.com\/BonsaiCenterSopelana\/","article_author":"https:\/\/www.facebook.com\/beti.andres","article_published_time":"2017-09-05T09:22:00+00:00","article_modified_time":"2019-05-09T15:16:49+00:00","og_image":[{"url":"https:\/\/www.bonsaicenter.es\/blog\/wp-content\/uploads\/2017\/09\/Bonsaidetalles28829.jpg","type":"","width":"","height":""}],"author":"Beti Andr\u00e9s","twitter_card":"summary_large_image","twitter_creator":"@bonsaisopelana","twitter_site":"@bonsaisopelana","twitter_misc":{"Escrito por":"Beti Andr\u00e9s","Tiempo de lectura":"1 minuto"},"schema":{"@context":"https:\/\/schema.org","@graph":[{"@type":"WebPage","@id":"https:\/\/www.bonsaicenter.es\/blog\/2017\/09\/nada-especial-que-contar-deprebonsai\/","url":"https:\/\/www.bonsaicenter.es\/blog\/2017\/09\/nada-especial-que-contar-deprebonsai\/","name":"Nada especial que contar. DepreBonsai. - El Arte del Bons\u00e1i en Bilbao | Blog de Beti Andres","isPartOf":{"@id":"https:\/\/www.bonsaicenter.es\/blog\/#website"},"primaryImageOfPage":{"@id":"https:\/\/www.bonsaicenter.es\/blog\/2017\/09\/nada-especial-que-contar-deprebonsai\/#primaryimage"},"image":{"@id":"https:\/\/www.bonsaicenter.es\/blog\/2017\/09\/nada-especial-que-contar-deprebonsai\/#primaryimage"},"thumbnailUrl":"https:\/\/www.bonsaicenter.es\/blog\/wp-content\/uploads\/2017\/09\/Bonsaidetalles28829.jpg","datePublished":"2017-09-05T09:22:00+00:00","dateModified":"2019-05-09T15:16:49+00:00","author":{"@id":"https:\/\/www.bonsaicenter.es\/blog\/#\/schema\/person\/ca647e80fb248af60e4896d324edc61e"},"breadcrumb":{"@id":"https:\/\/www.bonsaicenter.es\/blog\/2017\/09\/nada-especial-que-contar-deprebonsai\/#breadcrumb"},"inLanguage":"es","potentialAction":[{"@type":"ReadAction","target":["https:\/\/www.bonsaicenter.es\/blog\/2017\/09\/nada-especial-que-contar-deprebonsai\/"]}]},{"@type":"ImageObject","inLanguage":"es","@id":"https:\/\/www.bonsaicenter.es\/blog\/2017\/09\/nada-especial-que-contar-deprebonsai\/#primaryimage","url":"https:\/\/www.bonsaicenter.es\/blog\/wp-content\/uploads\/2017\/09\/Bonsaidetalles28829.jpg","contentUrl":"https:\/\/www.bonsaicenter.es\/blog\/wp-content\/uploads\/2017\/09\/Bonsaidetalles28829.jpg"},{"@type":"BreadcrumbList","@id":"https:\/\/www.bonsaicenter.es\/blog\/2017\/09\/nada-especial-que-contar-deprebonsai\/#breadcrumb","itemListElement":[{"@type":"ListItem","position":1,"name":"Portada","item":"https:\/\/www.bonsaicenter.es\/blog\/"},{"@type":"ListItem","position":2,"name":"Nada especial que contar. DepreBonsai."}]},{"@type":"WebSite","@id":"https:\/\/www.bonsaicenter.es\/blog\/#website","url":"https:\/\/www.bonsaicenter.es\/blog\/","name":"El Arte del Bons\u00e1i en Bilbao | Blog de Beti Andres","description":"Bons\u00e1i Center Sopelana","potentialAction":[{"@type":"SearchAction","target":{"@type":"EntryPoint","urlTemplate":"https:\/\/www.bonsaicenter.es\/blog\/?s={search_term_string}"},"query-input":{"@type":"PropertyValueSpecification","valueRequired":true,"valueName":"search_term_string"}}],"inLanguage":"es"},{"@type":"Person","@id":"https:\/\/www.bonsaicenter.es\/blog\/#\/schema\/person\/ca647e80fb248af60e4896d324edc61e","name":"Beti Andr\u00e9s","image":{"@type":"ImageObject","inLanguage":"es","@id":"https:\/\/www.bonsaicenter.es\/blog\/#\/schema\/person\/image\/","url":"https:\/\/secure.gravatar.com\/avatar\/2b96c919fe0c356bc5cea419854b0d273bfa18a2f188d53a66e35075a348dc06?s=96&d=mm&r=g","contentUrl":"https:\/\/secure.gravatar.com\/avatar\/2b96c919fe0c356bc5cea419854b0d273bfa18a2f188d53a66e35075a348dc06?s=96&d=mm&r=g","caption":"Beti Andr\u00e9s"},"description":"Estudi\u00e9 Biolog\u00eda en la Universidad del Pa\u00eds Vasco EHU-UPV. Muy pronto me enamor\u00e9 de los Bons\u00e1is y quise\u00a0 trabajar , viajar y\u00a0 aprender todo lo posible de los grandes maestros del bons\u00e1i. Y ahora, 30 a\u00f1os despu\u00e9s, sigo aprendiendo y compartiendo todo lo que s\u00e9 sobre cuidado y dise\u00f1o de bons\u00e1is. Desde Bonsai Center Sopelana colaboro con grandes maestros y a la vez amigos como Manuel Germade , Taiga Urushibata, entre otros.","sameAs":["https:\/\/www.bonsaicenter.es\/","https:\/\/www.facebook.com\/beti.andres","https:\/\/www.instagram.com\/bonsaicenter_sopelana\/","https:\/\/www.youtube.com\/channel\/UCgfIZYiTGIYp0BAIrXwXrNQ"]}]}},"_links":{"self":[{"href":"https:\/\/www.bonsaicenter.es\/blog\/wp-json\/wp\/v2\/posts\/88","targetHints":{"allow":["GET"]}}],"collection":[{"href":"https:\/\/www.bonsaicenter.es\/blog\/wp-json\/wp\/v2\/posts"}],"about":[{"href":"https:\/\/www.bonsaicenter.es\/blog\/wp-json\/wp\/v2\/types\/post"}],"author":[{"embeddable":true,"href":"https:\/\/www.bonsaicenter.es\/blog\/wp-json\/wp\/v2\/users\/2"}],"replies":[{"embeddable":true,"href":"https:\/\/www.bonsaicenter.es\/blog\/wp-json\/wp\/v2\/comments?post=88"}],"version-history":[{"count":0,"href":"https:\/\/www.bonsaicenter.es\/blog\/wp-json\/wp\/v2\/posts\/88\/revisions"}],"wp:attachment":[{"href":"https:\/\/www.bonsaicenter.es\/blog\/wp-json\/wp\/v2\/media?parent=88"}],"wp:term":[{"taxonomy":"category","embeddable":true,"href":"https:\/\/www.bonsaicenter.es\/blog\/wp-json\/wp\/v2\/categories?post=88"},{"taxonomy":"post_tag","embeddable":true,"href":"https:\/\/www.bonsaicenter.es\/blog\/wp-json\/wp\/v2\/tags?post=88"}],"curies":[{"name":"wp","href":"https:\/\/api.w.org\/{rel}","templated":true}]}}