{"id":8438,"date":"2019-07-09T10:08:32","date_gmt":"2019-07-09T09:08:32","guid":{"rendered":"https:\/\/www.bonsaicenter.es\/blog\/?p=8438"},"modified":"2019-07-09T10:08:34","modified_gmt":"2019-07-09T09:08:34","slug":"xxii-expo-bonsai-san-diego-medellin-colombia","status":"publish","type":"post","link":"https:\/\/www.bonsaicenter.es\/blog\/2019\/07\/xxii-expo-bonsai-san-diego-medellin-colombia\/","title":{"rendered":"XXII Expo Bonsai San Diego, Medell\u00edn, Colombia"},"content":{"rendered":"\n<p><\/p>\n\n\n\n<h2 class=\"wp-block-heading\"><strong>En Medellin, nuevamente y coincidiendo con la Feria de las Flores se celebra la XXII exposici\u00f3n de Bonsai en en Centro Comercial San Diego bajo la direcci\u00f3n de Oswaldo Copeland.<\/strong><\/h2>\n\n\n\n<div class=\"wp-block-image\"><figure class=\"aligncenter\"><img fetchpriority=\"high\" decoding=\"async\" width=\"389\" height=\"583\" src=\"https:\/\/www.bonsaicenter.es\/blog\/wp-content\/uploads\/2019\/07\/1-copeland-bonsai.png\" alt=\"\" class=\"wp-image-8441\"\/><\/figure><\/div>\n\n\n\n<p>Esta vez no te lo puedes perder !!!! Maestro <a href=\"https:\/\/www.facebook.com\/events\/307109586837071\/?event_time_id=307109596837070&amp;acontext=%7B%22source%22%3A3%2C%22source_newsfeed_story_type%22%3A%22regular%22%2C%22action_history%22%3A%22%5B%7B%5C%22surface%5C%22%3A%5C%22newsfeed%5C%22%2C%5C%22mechanism%5C%22%3A%5C%22feed_story%5C%22%2C%5C%22extra_data%5C%22%3A%5B%5D%7D%5D%22%2C%22has_source%22%3Atrue%7D&amp;source=3&amp;source_newsfeed_story_type=regular&amp;action_history=%5B%7B%22surface%22%3A%22newsfeed%22%2C%22mechanism%22%3A%22feed_story%22%2C%22extra_data%22%3A%5B%5D%7D%5D&amp;has_source=1&amp;__tn__=K-R&amp;eid=ARCW8Md5eeY6rLeXieFYm6XNR2XvDK-XiWIbFeppwc74xBql7dGz3UoTXvYbLP7sHJ2E_-UdBfU7o3bp&amp;fref=mentions&amp;__xts__%5B0%5D=68.ARBXzGd7LQ-5qIVgADNoL5DEGpDEEwKn9QAu9B-Rb8q3OslbN3yGmViVxazyN9aDobGAHGplHlblIA5SDMrxWmIaaUCEoz5nEilHB7siJyVOqOgPsKrRxXG-bxEdVvuq0UzW_Axue3azLTvl0wX0a_vLI1ECIG1VBtjw0-LU7HN0CNO51d2yt5xoMssfaMnGmP4NzCvNsqg7eXJ0yLjw-NFWNN-Rt8VJ0ejCE8y1PZRULSfytlms-056vl-8QkhjQKooD0Ju--0Wjtah9inYSxz1MzAFA4bRlORTKtztGF48jOrRIWpKWTdgNx3FgAQiPksxsp8B0cox4SQmCoVujJh7lg\">Taiga Urushibata.  Nuevamente En Medellin<\/a>   agosto 15-16-17 abierto  al publico  en centro comercial sandiego ,plazoleta  principal en el marco de la XXII exposici\u00f3n de bons\u00e1i &#8220;Kintsugi &#8221; <\/p>\n\n\n\n<div class=\"wp-block-image\"><figure class=\"aligncenter\"><img decoding=\"async\" width=\"383\" height=\"580\" src=\"https:\/\/www.bonsaicenter.es\/blog\/wp-content\/uploads\/2019\/07\/2-copeland-bonsai.png\" alt=\"\" class=\"wp-image-8442\"\/><\/figure><\/div>\n\n\n\n<p><\/p>\n","protected":false},"excerpt":{"rendered":"<p>En Medellin, nuevamente y coincidiendo con la Feria de las Flores se celebra la XXII exposici\u00f3n de Bonsai en en Centro Comercial San Diego bajo la direcci\u00f3n de Oswaldo Copeland. Esta vez no te lo puedes perder !!!! Maestro Taiga Urushibata. Nuevamente En Medellin agosto 15-16-17 abierto al publico en centro comercial sandiego ,plazoleta principal [&hellip;]<\/p>\n","protected":false},"author":2,"featured_media":8440,"comment_status":"closed","ping_status":"open","sticky":false,"template":"","format":"standard","meta":{"ocean_post_layout":"","ocean_both_sidebars_style":"","ocean_both_sidebars_content_width":0,"ocean_both_sidebars_sidebars_width":0,"ocean_sidebar":"0","ocean_second_sidebar":"0","ocean_disable_margins":"enable","ocean_add_body_class":"","ocean_shortcode_before_top_bar":"","ocean_shortcode_after_top_bar":"","ocean_shortcode_before_header":"","ocean_shortcode_after_header":"","ocean_has_shortcode":"","ocean_shortcode_after_title":"","ocean_shortcode_before_footer_widgets":"","ocean_shortcode_after_footer_widgets":"","ocean_shortcode_before_footer_bottom":"","ocean_shortcode_after_footer_bottom":"","ocean_display_top_bar":"default","ocean_display_header":"default","ocean_header_style":"","ocean_center_header_left_menu":"0","ocean_custom_header_template":"0","ocean_custom_logo":0,"ocean_custom_retina_logo":0,"ocean_custom_logo_max_width":0,"ocean_custom_logo_tablet_max_width":0,"ocean_custom_logo_mobile_max_width":0,"ocean_custom_logo_max_height":0,"ocean_custom_logo_tablet_max_height":0,"ocean_custom_logo_mobile_max_height":0,"ocean_header_custom_menu":"0","ocean_menu_typo_font_family":"0","ocean_menu_typo_font_subset":"","ocean_menu_typo_font_size":0,"ocean_menu_typo_font_size_tablet":0,"ocean_menu_typo_font_size_mobile":0,"ocean_menu_typo_font_size_unit":"px","ocean_menu_typo_font_weight":"","ocean_menu_typo_font_weight_tablet":"","ocean_menu_typo_font_weight_mobile":"","ocean_menu_typo_transform":"","ocean_menu_typo_transform_tablet":"","ocean_menu_typo_transform_mobile":"","ocean_menu_typo_line_height":0,"ocean_menu_typo_line_height_tablet":0,"ocean_menu_typo_line_height_mobile":0,"ocean_menu_typo_line_height_unit":"","ocean_menu_typo_spacing":0,"ocean_menu_typo_spacing_tablet":0,"ocean_menu_typo_spacing_mobile":0,"ocean_menu_typo_spacing_unit":"","ocean_menu_link_color":"","ocean_menu_link_color_hover":"","ocean_menu_link_color_active":"","ocean_menu_link_background":"","ocean_menu_link_hover_background":"","ocean_menu_link_active_background":"","ocean_menu_social_links_bg":"","ocean_menu_social_hover_links_bg":"","ocean_menu_social_links_color":"","ocean_menu_social_hover_links_color":"","ocean_disable_title":"default","ocean_disable_heading":"default","ocean_post_title":"","ocean_post_subheading":"","ocean_post_title_style":"","ocean_post_title_background_color":"","ocean_post_title_background":0,"ocean_post_title_bg_image_position":"","ocean_post_title_bg_image_attachment":"","ocean_post_title_bg_image_repeat":"","ocean_post_title_bg_image_size":"","ocean_post_title_height":0,"ocean_post_title_bg_overlay":0.5,"ocean_post_title_bg_overlay_color":"","ocean_disable_breadcrumbs":"default","ocean_breadcrumbs_color":"","ocean_breadcrumbs_separator_color":"","ocean_breadcrumbs_links_color":"","ocean_breadcrumbs_links_hover_color":"","ocean_display_footer_widgets":"default","ocean_display_footer_bottom":"default","ocean_custom_footer_template":"0","ocean_post_oembed":"","ocean_post_self_hosted_media":"","ocean_post_video_embed":"","ocean_link_format":"","ocean_link_format_target":"self","ocean_quote_format":"","ocean_quote_format_link":"post","ocean_gallery_link_images":"off","ocean_gallery_id":[],"footnotes":""},"categories":[26],"tags":[16,18],"class_list":["post-8438","post","type-post","status-publish","format-standard","has-post-thumbnail","hentry","category-bonsai","tag-exposiciones","tag-viajes-y-excursiones","entry","has-media"],"yoast_head":"<!-- This site is optimized with the Yoast SEO plugin v26.1.1 - https:\/\/yoast.com\/wordpress\/plugins\/seo\/ -->\n<title>XXII Expo Bonsai San Diego, Medell\u00edn, Colombia - El Arte del Bons\u00e1i en Bilbao | Blog de Beti Andres<\/title>\n<meta name=\"description\" content=\"En Medellin, nuevamente y coincidiendo con la Feria de las Flores se celebra la XXII exposici\u00f3n de Bonsai en en Centro Comercial San Diego bajo la direcci\u00f3n de Oswaldo Copeland.\" \/>\n<meta name=\"robots\" content=\"index, follow, max-snippet:-1, max-image-preview:large, max-video-preview:-1\" \/>\n<link rel=\"canonical\" href=\"https:\/\/www.bonsaicenter.es\/blog\/2019\/07\/xxii-expo-bonsai-san-diego-medellin-colombia\/\" \/>\n<meta property=\"og:locale\" content=\"es_ES\" \/>\n<meta property=\"og:type\" content=\"article\" \/>\n<meta property=\"og:title\" content=\"XXII Expo Bonsai San Diego, Medell\u00edn, Colombia - El Arte del Bons\u00e1i en Bilbao | Blog de Beti Andres\" \/>\n<meta property=\"og:description\" content=\"En Medellin, nuevamente y coincidiendo con la Feria de las Flores se celebra la XXII exposici\u00f3n de Bonsai en en Centro Comercial San Diego bajo la direcci\u00f3n de Oswaldo Copeland.\" \/>\n<meta property=\"og:url\" content=\"https:\/\/www.bonsaicenter.es\/blog\/2019\/07\/xxii-expo-bonsai-san-diego-medellin-colombia\/\" \/>\n<meta property=\"og:site_name\" content=\"El Arte del Bons\u00e1i en Bilbao | Blog de Beti Andres\" \/>\n<meta property=\"article:publisher\" content=\"https:\/\/www.facebook.com\/BonsaiCenterSopelana\/\" \/>\n<meta property=\"article:author\" content=\"https:\/\/www.facebook.com\/beti.andres\" \/>\n<meta property=\"article:published_time\" content=\"2019-07-09T09:08:32+00:00\" \/>\n<meta property=\"article:modified_time\" content=\"2019-07-09T09:08:34+00:00\" \/>\n<meta property=\"og:image\" content=\"https:\/\/www.bonsaicenter.es\/blog\/wp-content\/uploads\/2019\/07\/66294356_2285597961528258_1943261857200472064_n.jpg\" \/>\n\t<meta property=\"og:image:width\" content=\"960\" \/>\n\t<meta property=\"og:image:height\" content=\"423\" \/>\n\t<meta property=\"og:image:type\" content=\"image\/jpeg\" \/>\n<meta name=\"author\" content=\"Beti Andr\u00e9s\" \/>\n<meta name=\"twitter:card\" content=\"summary_large_image\" \/>\n<meta name=\"twitter:creator\" content=\"@bonsaisopelana\" \/>\n<meta name=\"twitter:site\" content=\"@bonsaisopelana\" \/>\n<meta name=\"twitter:label1\" content=\"Escrito por\" \/>\n\t<meta name=\"twitter:data1\" content=\"Beti Andr\u00e9s\" \/>\n<!-- \/ Yoast SEO plugin. -->","yoast_head_json":{"title":"XXII Expo Bonsai San Diego, Medell\u00edn, Colombia - El Arte del Bons\u00e1i en Bilbao | Blog de Beti Andres","description":"En Medellin, nuevamente y coincidiendo con la Feria de las Flores se celebra la XXII exposici\u00f3n de Bonsai en en Centro Comercial San Diego bajo la direcci\u00f3n de Oswaldo Copeland.","robots":{"index":"index","follow":"follow","max-snippet":"max-snippet:-1","max-image-preview":"max-image-preview:large","max-video-preview":"max-video-preview:-1"},"canonical":"https:\/\/www.bonsaicenter.es\/blog\/2019\/07\/xxii-expo-bonsai-san-diego-medellin-colombia\/","og_locale":"es_ES","og_type":"article","og_title":"XXII Expo Bonsai San Diego, Medell\u00edn, Colombia - El Arte del Bons\u00e1i en Bilbao | Blog de Beti Andres","og_description":"En Medellin, nuevamente y coincidiendo con la Feria de las Flores se celebra la XXII exposici\u00f3n de Bonsai en en Centro Comercial San Diego bajo la direcci\u00f3n de Oswaldo Copeland.","og_url":"https:\/\/www.bonsaicenter.es\/blog\/2019\/07\/xxii-expo-bonsai-san-diego-medellin-colombia\/","og_site_name":"El Arte del Bons\u00e1i en Bilbao | Blog de Beti Andres","article_publisher":"https:\/\/www.facebook.com\/BonsaiCenterSopelana\/","article_author":"https:\/\/www.facebook.com\/beti.andres","article_published_time":"2019-07-09T09:08:32+00:00","article_modified_time":"2019-07-09T09:08:34+00:00","og_image":[{"width":960,"height":423,"url":"https:\/\/www.bonsaicenter.es\/blog\/wp-content\/uploads\/2019\/07\/66294356_2285597961528258_1943261857200472064_n.jpg","type":"image\/jpeg"}],"author":"Beti Andr\u00e9s","twitter_card":"summary_large_image","twitter_creator":"@bonsaisopelana","twitter_site":"@bonsaisopelana","twitter_misc":{"Escrito por":"Beti Andr\u00e9s"},"schema":{"@context":"https:\/\/schema.org","@graph":[{"@type":"WebPage","@id":"https:\/\/www.bonsaicenter.es\/blog\/2019\/07\/xxii-expo-bonsai-san-diego-medellin-colombia\/","url":"https:\/\/www.bonsaicenter.es\/blog\/2019\/07\/xxii-expo-bonsai-san-diego-medellin-colombia\/","name":"XXII Expo Bonsai San Diego, Medell\u00edn, Colombia - El Arte del Bons\u00e1i en Bilbao | Blog de Beti Andres","isPartOf":{"@id":"https:\/\/www.bonsaicenter.es\/blog\/#website"},"primaryImageOfPage":{"@id":"https:\/\/www.bonsaicenter.es\/blog\/2019\/07\/xxii-expo-bonsai-san-diego-medellin-colombia\/#primaryimage"},"image":{"@id":"https:\/\/www.bonsaicenter.es\/blog\/2019\/07\/xxii-expo-bonsai-san-diego-medellin-colombia\/#primaryimage"},"thumbnailUrl":"https:\/\/www.bonsaicenter.es\/blog\/wp-content\/uploads\/2019\/07\/66294356_2285597961528258_1943261857200472064_n.jpg","datePublished":"2019-07-09T09:08:32+00:00","dateModified":"2019-07-09T09:08:34+00:00","author":{"@id":"https:\/\/www.bonsaicenter.es\/blog\/#\/schema\/person\/ca647e80fb248af60e4896d324edc61e"},"description":"En Medellin, nuevamente y coincidiendo con la Feria de las Flores se celebra la XXII exposici\u00f3n de Bonsai en en Centro Comercial San Diego bajo la direcci\u00f3n de Oswaldo Copeland.","breadcrumb":{"@id":"https:\/\/www.bonsaicenter.es\/blog\/2019\/07\/xxii-expo-bonsai-san-diego-medellin-colombia\/#breadcrumb"},"inLanguage":"es","potentialAction":[{"@type":"ReadAction","target":["https:\/\/www.bonsaicenter.es\/blog\/2019\/07\/xxii-expo-bonsai-san-diego-medellin-colombia\/"]}]},{"@type":"ImageObject","inLanguage":"es","@id":"https:\/\/www.bonsaicenter.es\/blog\/2019\/07\/xxii-expo-bonsai-san-diego-medellin-colombia\/#primaryimage","url":"https:\/\/www.bonsaicenter.es\/blog\/wp-content\/uploads\/2019\/07\/66294356_2285597961528258_1943261857200472064_n.jpg","contentUrl":"https:\/\/www.bonsaicenter.es\/blog\/wp-content\/uploads\/2019\/07\/66294356_2285597961528258_1943261857200472064_n.jpg","width":960,"height":423},{"@type":"BreadcrumbList","@id":"https:\/\/www.bonsaicenter.es\/blog\/2019\/07\/xxii-expo-bonsai-san-diego-medellin-colombia\/#breadcrumb","itemListElement":[{"@type":"ListItem","position":1,"name":"Portada","item":"https:\/\/www.bonsaicenter.es\/blog\/"},{"@type":"ListItem","position":2,"name":"XXII Expo Bonsai San Diego, Medell\u00edn, Colombia"}]},{"@type":"WebSite","@id":"https:\/\/www.bonsaicenter.es\/blog\/#website","url":"https:\/\/www.bonsaicenter.es\/blog\/","name":"El Arte del Bons\u00e1i en Bilbao | Blog de Beti Andres","description":"Bons\u00e1i Center Sopelana","potentialAction":[{"@type":"SearchAction","target":{"@type":"EntryPoint","urlTemplate":"https:\/\/www.bonsaicenter.es\/blog\/?s={search_term_string}"},"query-input":{"@type":"PropertyValueSpecification","valueRequired":true,"valueName":"search_term_string"}}],"inLanguage":"es"},{"@type":"Person","@id":"https:\/\/www.bonsaicenter.es\/blog\/#\/schema\/person\/ca647e80fb248af60e4896d324edc61e","name":"Beti Andr\u00e9s","image":{"@type":"ImageObject","inLanguage":"es","@id":"https:\/\/www.bonsaicenter.es\/blog\/#\/schema\/person\/image\/","url":"https:\/\/secure.gravatar.com\/avatar\/2b96c919fe0c356bc5cea419854b0d273bfa18a2f188d53a66e35075a348dc06?s=96&d=mm&r=g","contentUrl":"https:\/\/secure.gravatar.com\/avatar\/2b96c919fe0c356bc5cea419854b0d273bfa18a2f188d53a66e35075a348dc06?s=96&d=mm&r=g","caption":"Beti Andr\u00e9s"},"description":"Estudi\u00e9 Biolog\u00eda en la Universidad del Pa\u00eds Vasco EHU-UPV. Muy pronto me enamor\u00e9 de los Bons\u00e1is y quise\u00a0 trabajar , viajar y\u00a0 aprender todo lo posible de los grandes maestros del bons\u00e1i. Y ahora, 30 a\u00f1os despu\u00e9s, sigo aprendiendo y compartiendo todo lo que s\u00e9 sobre cuidado y dise\u00f1o de bons\u00e1is. Desde Bonsai Center Sopelana colaboro con grandes maestros y a la vez amigos como Manuel Germade , Taiga Urushibata, entre otros.","sameAs":["https:\/\/www.bonsaicenter.es\/","https:\/\/www.facebook.com\/beti.andres","https:\/\/www.instagram.com\/bonsaicenter_sopelana\/","https:\/\/www.youtube.com\/channel\/UCgfIZYiTGIYp0BAIrXwXrNQ"]}]}},"_links":{"self":[{"href":"https:\/\/www.bonsaicenter.es\/blog\/wp-json\/wp\/v2\/posts\/8438","targetHints":{"allow":["GET"]}}],"collection":[{"href":"https:\/\/www.bonsaicenter.es\/blog\/wp-json\/wp\/v2\/posts"}],"about":[{"href":"https:\/\/www.bonsaicenter.es\/blog\/wp-json\/wp\/v2\/types\/post"}],"author":[{"embeddable":true,"href":"https:\/\/www.bonsaicenter.es\/blog\/wp-json\/wp\/v2\/users\/2"}],"replies":[{"embeddable":true,"href":"https:\/\/www.bonsaicenter.es\/blog\/wp-json\/wp\/v2\/comments?post=8438"}],"version-history":[{"count":0,"href":"https:\/\/www.bonsaicenter.es\/blog\/wp-json\/wp\/v2\/posts\/8438\/revisions"}],"wp:featuredmedia":[{"embeddable":true,"href":"https:\/\/www.bonsaicenter.es\/blog\/wp-json\/wp\/v2\/media\/8440"}],"wp:attachment":[{"href":"https:\/\/www.bonsaicenter.es\/blog\/wp-json\/wp\/v2\/media?parent=8438"}],"wp:term":[{"taxonomy":"category","embeddable":true,"href":"https:\/\/www.bonsaicenter.es\/blog\/wp-json\/wp\/v2\/categories?post=8438"},{"taxonomy":"post_tag","embeddable":true,"href":"https:\/\/www.bonsaicenter.es\/blog\/wp-json\/wp\/v2\/tags?post=8438"}],"curies":[{"name":"wp","href":"https:\/\/api.w.org\/{rel}","templated":true}]}}