{"id":59,"date":"2018-03-20T11:04:00","date_gmt":"2018-03-20T10:04:00","guid":{"rendered":"https:\/\/www.bonsaicenter.es\/blog\/jo-con-el-despertar-de-la-primavera\/"},"modified":"2019-05-09T16:16:11","modified_gmt":"2019-05-09T15:16:11","slug":"jo-con-el-despertar-de-la-primavera","status":"publish","type":"post","link":"https:\/\/www.bonsaicenter.es\/blog\/2018\/03\/jo-con-el-despertar-de-la-primavera\/","title":{"rendered":"JO CON EL DESPERTAR DE LA PRIMAVERA."},"content":{"rendered":"<p><\/p>\n<h2 class=\"MsoNormal\" style=\"text-align: center;\">\nQue s\u00ed, que hoy comenzamos la primavera.&nbsp;<\/h2>\n<h2 class=\"MsoNormal\" style=\"text-align: center;\">\nPues la vedad es que<br \/>\nse ha lucido.<\/h2>\n<div class=\"MsoNormal\" style=\"text-align: justify;\">\n<b>Ha entrado sin pena ni gloria. \u00daltimamente pasan cosas muy raras<br \/>\ncon la primavera. La primera de todas es que parece invierno. <\/b><\/div>\n<p><b><\/p>\n<p><\/b><\/p>\n<div class=\"MsoNormal\" style=\"text-align: justify;\">\n<b>Ayer volv\u00eda de visitar a mi madre y nevaba como si no<br \/>\nhubiera un ma\u00f1ana.<\/b><\/div>\n<p><b><\/p>\n<p><\/b><\/p>\n<div class=\"MsoNormal\" style=\"text-align: justify;\">\n<b>Esto no es primavera. Se acab\u00f3 la ropa de entretiempo.<br \/>\nNuestros bons\u00e1is en vez de vivir en una zona con cuatro estaciones se est\u00e1n convirtiendo<br \/>\nen bons\u00e1is de \u00fanicamente dos estaciones.<\/b><\/p>\n<div class=\"separator\" style=\"clear: both; text-align: center;\">\n<a href=\"https:\/\/www.bonsaicenter.es\/blog\/wp-content\/uploads\/2018\/03\/Eldespertardelaprimaverabonsai28229.jpg\" imageanchor=\"1\" style=\"margin-left: 1em; margin-right: 1em;\"><img fetchpriority=\"high\" decoding=\"async\" border=\"0\" data-original-height=\"919\" data-original-width=\"960\" height=\"612\" src=\"https:\/\/www.bonsaicenter.es\/blog\/wp-content\/uploads\/2018\/03\/Eldespertardelaprimaverabonsai28229.jpg\" width=\"640\" \/><\/a><\/div>\n<p><b><\/b><br \/>\n<a name='more'><\/a><b>&nbsp;<\/b><\/div>\n<p><b><\/p>\n<p><\/b><\/p>\n<div class=\"MsoNormal\" style=\"text-align: justify;\">\n<b>La primavera despierta nuestros instintos y tambi\u00e9n los de<br \/>\nlos \u00e1rboles. Ahora deber\u00edan brotar que es lo que estaban haciendo hasta hace<br \/>\nunos d\u00edas y sin embargo se encogen de frio. Las yemas semi abiertas sufren s\u00edntomas<br \/>\nde marchitez por estas temperaturas tan poco usuales.<\/b><\/div>\n<p><b><\/p>\n<p><\/b><\/p>\n<div class=\"MsoNormal\" style=\"text-align: justify;\">\n<b>Los \u00faltimos trasplantes quedan desguarnecidos y a merced de<br \/>\nla baja temperatura. Si esto sigue varios d\u00edas pueden morir. Toca volver a<br \/>\nguardar todos los bons\u00e1is tropicales.<\/b><\/div>\n<p><b><\/p>\n<p><\/b><\/p>\n<div class=\"MsoNormal\" style=\"text-align: justify;\">\n<b>Quitarse las medias es una quimera y el plumas comienza a<br \/>\noler a pecueca de ponerlo tan seguido.<\/b><\/div>\n<div class=\"MsoNormal\" style=\"text-align: justify;\">\n<\/div>\n<div class=\"separator\" style=\"clear: both; text-align: center;\">\n<\/div>\n<div class=\"MsoNormal\" style=\"text-align: justify;\">\n<b><\/b><\/div>\n<p>\n<b><\/p>\n<p><\/b><\/p>\n<div class=\"MsoNormal\" style=\"text-align: justify;\">\n<b>Lo \u00fanico bueno es que el d\u00eda y la noche comienzan a durar lo<br \/>\nmismo. Las horas de luz comienzan a alargarse y yo gasto menos en iluminaci\u00f3n.<\/b><\/div>\n<p><b><\/p>\n<p><\/b><\/p>\n<div class=\"MsoNormal\" style=\"text-align: justify;\">\n<\/div>\n<p><b><\/p>\n<p><\/b><\/p>\n<div class=\"MsoNormal\" style=\"text-align: justify;\">\n<b>Me parece que el invierno llega despu\u00e9s de la primavera.<\/b><\/div>\n<p><b><\/p>\n<p><\/b><\/p>\n<div class=\"MsoNormal\" style=\"text-align: justify;\">\n<\/div>\n<div class=\"separator\" style=\"clear: both; text-align: center;\">\n<b><a href=\"https:\/\/www.bonsaicenter.es\/blog\/wp-content\/uploads\/2018\/03\/Eldespertardelaprimaverabonsai28129.jpg\" imageanchor=\"1\" style=\"margin-left: 1em; margin-right: 1em;\"><img decoding=\"async\" border=\"0\" data-original-height=\"466\" data-original-width=\"960\" height=\"310\" src=\"https:\/\/www.bonsaicenter.es\/blog\/wp-content\/uploads\/2018\/03\/Eldespertardelaprimaverabonsai28129.jpg\" width=\"640\" \/><\/a><\/b><\/div>\n<p>\n<b><\/p>\n<p><\/b><\/p>\n<div class=\"MsoNormal\" style=\"text-align: justify;\">\n<\/div>\n<div class=\"MsoNormal\" style=\"text-align: justify;\">\n<\/div>\n<div class=\"MsoNormal\" style=\"text-align: justify;\">\n<b>La primavera astron\u00f3mica llega hoy a las 17.15 horas, pero<br \/>\nla meteorol\u00f3gica se har\u00e1 esperar ya que se prev\u00e9, adem\u00e1s de precipitaciones en<br \/>\nbuena parte de la Pen\u00ednsula y Baleares, una cota de nieve en torno a 200<br \/>\nmetros, y temperaturas en descenso hasta el jueves. <\/b><\/div>\n<p><b><\/p>\n<p><\/b><\/p>\n<div class=\"MsoNormal\" style=\"text-align: justify;\">\n<b>Un total de 37 provincias tienen avisos de riesgo <span style=\"mso-spacerun: yes;\">&nbsp;<\/span>por nieve, viento, precipitaciones, bajas<br \/>\ntemperaturas m\u00ednimas o fen\u00f3menos costeros.<\/b><\/div>\n<div class=\"MsoNormal\" style=\"text-align: justify;\">\n<\/div>\n<div class=\"separator\" style=\"clear: both; text-align: center;\">\n<a href=\"https:\/\/www.bonsaicenter.es\/blog\/wp-content\/uploads\/2018\/03\/Eldespertardelaprimaverabonsai28529.jpg\" imageanchor=\"1\" style=\"margin-left: 1em; margin-right: 1em;\"><img decoding=\"async\" border=\"0\" data-original-height=\"466\" data-original-width=\"960\" height=\"310\" src=\"https:\/\/www.bonsaicenter.es\/blog\/wp-content\/uploads\/2018\/03\/Eldespertardelaprimaverabonsai28529.jpg\" width=\"640\" \/><\/a><\/div>\n<div class=\"MsoNormal\" style=\"text-align: justify;\">\n<\/div>\n<div class=\"MsoNormal\" style=\"text-align: center;\">\n<b><span style=\"font-size: x-large;\">Saludos cordiales desde Bilbao<\/span><\/b><\/div>\n<div class=\"MsoNormal\" style=\"text-align: center;\">\n<b><a href=\"http:\/\/www.bonsaicenter.es\/\"><span style=\"font-size: x-large;\">visita bosaicenter.es&nbsp;<\/span><\/a> <\/b><\/div>\n","protected":false},"excerpt":{"rendered":"<p>Que s\u00ed, que hoy comenzamos la primavera.&nbsp; Pues la vedad es que se ha lucido. Ha entrado sin pena ni gloria. \u00daltimamente pasan cosas muy raras con la primavera. La primera de todas es que parece invierno. Ayer volv\u00eda de visitar a mi madre y nevaba como si no hubiera un ma\u00f1ana. Esto no es [&hellip;]<\/p>\n","protected":false},"author":2,"featured_media":0,"comment_status":"open","ping_status":"open","sticky":false,"template":"","format":"standard","meta":{"ocean_post_layout":"","ocean_both_sidebars_style":"","ocean_both_sidebars_content_width":0,"ocean_both_sidebars_sidebars_width":0,"ocean_sidebar":"","ocean_second_sidebar":"","ocean_disable_margins":"enable","ocean_add_body_class":"","ocean_shortcode_before_top_bar":"","ocean_shortcode_after_top_bar":"","ocean_shortcode_before_header":"","ocean_shortcode_after_header":"","ocean_has_shortcode":"","ocean_shortcode_after_title":"","ocean_shortcode_before_footer_widgets":"","ocean_shortcode_after_footer_widgets":"","ocean_shortcode_before_footer_bottom":"","ocean_shortcode_after_footer_bottom":"","ocean_display_top_bar":"default","ocean_display_header":"default","ocean_header_style":"","ocean_center_header_left_menu":"","ocean_custom_header_template":"","ocean_custom_logo":0,"ocean_custom_retina_logo":0,"ocean_custom_logo_max_width":0,"ocean_custom_logo_tablet_max_width":0,"ocean_custom_logo_mobile_max_width":0,"ocean_custom_logo_max_height":0,"ocean_custom_logo_tablet_max_height":0,"ocean_custom_logo_mobile_max_height":0,"ocean_header_custom_menu":"","ocean_menu_typo_font_family":"","ocean_menu_typo_font_subset":"","ocean_menu_typo_font_size":0,"ocean_menu_typo_font_size_tablet":0,"ocean_menu_typo_font_size_mobile":0,"ocean_menu_typo_font_size_unit":"px","ocean_menu_typo_font_weight":"","ocean_menu_typo_font_weight_tablet":"","ocean_menu_typo_font_weight_mobile":"","ocean_menu_typo_transform":"","ocean_menu_typo_transform_tablet":"","ocean_menu_typo_transform_mobile":"","ocean_menu_typo_line_height":0,"ocean_menu_typo_line_height_tablet":0,"ocean_menu_typo_line_height_mobile":0,"ocean_menu_typo_line_height_unit":"","ocean_menu_typo_spacing":0,"ocean_menu_typo_spacing_tablet":0,"ocean_menu_typo_spacing_mobile":0,"ocean_menu_typo_spacing_unit":"","ocean_menu_link_color":"","ocean_menu_link_color_hover":"","ocean_menu_link_color_active":"","ocean_menu_link_background":"","ocean_menu_link_hover_background":"","ocean_menu_link_active_background":"","ocean_menu_social_links_bg":"","ocean_menu_social_hover_links_bg":"","ocean_menu_social_links_color":"","ocean_menu_social_hover_links_color":"","ocean_disable_title":"default","ocean_disable_heading":"default","ocean_post_title":"","ocean_post_subheading":"","ocean_post_title_style":"","ocean_post_title_background_color":"","ocean_post_title_background":0,"ocean_post_title_bg_image_position":"","ocean_post_title_bg_image_attachment":"","ocean_post_title_bg_image_repeat":"","ocean_post_title_bg_image_size":"","ocean_post_title_height":0,"ocean_post_title_bg_overlay":0.5,"ocean_post_title_bg_overlay_color":"","ocean_disable_breadcrumbs":"default","ocean_breadcrumbs_color":"","ocean_breadcrumbs_separator_color":"","ocean_breadcrumbs_links_color":"","ocean_breadcrumbs_links_hover_color":"","ocean_display_footer_widgets":"default","ocean_display_footer_bottom":"default","ocean_custom_footer_template":"","ocean_post_oembed":"","ocean_post_self_hosted_media":"","ocean_post_video_embed":"","ocean_link_format":"","ocean_link_format_target":"self","ocean_quote_format":"","ocean_quote_format_link":"post","ocean_gallery_link_images":"on","ocean_gallery_id":[],"footnotes":""},"categories":[26],"tags":[9,10,7,13,11,12],"class_list":["post-59","post","type-post","status-publish","format-standard","hentry","category-bonsai","tag-curiosidades","tag-ensayos-de-bonsai","tag-formacion","tag-infobonsai","tag-puedes-comprarlo","tag-trabajos-varios","entry"],"yoast_head":"<!-- This site is optimized with the Yoast SEO plugin v26.1.1 - https:\/\/yoast.com\/wordpress\/plugins\/seo\/ -->\n<title>JO CON EL DESPERTAR DE LA PRIMAVERA. - El Arte del Bons\u00e1i en Bilbao | Blog de Beti Andres<\/title>\n<meta name=\"robots\" content=\"index, follow, max-snippet:-1, max-image-preview:large, max-video-preview:-1\" \/>\n<link rel=\"canonical\" href=\"https:\/\/www.bonsaicenter.es\/blog\/2018\/03\/jo-con-el-despertar-de-la-primavera\/\" \/>\n<meta property=\"og:locale\" content=\"es_ES\" \/>\n<meta property=\"og:type\" content=\"article\" \/>\n<meta property=\"og:title\" content=\"JO CON EL DESPERTAR DE LA PRIMAVERA. - El Arte del Bons\u00e1i en Bilbao | Blog de Beti Andres\" \/>\n<meta property=\"og:description\" content=\"Que s\u00ed, que hoy comenzamos la primavera.&nbsp; Pues la vedad es que se ha lucido. Ha entrado sin pena ni gloria. \u00daltimamente pasan cosas muy raras con la primavera. La primera de todas es que parece invierno. Ayer volv\u00eda de visitar a mi madre y nevaba como si no hubiera un ma\u00f1ana. Esto no es [&hellip;]\" \/>\n<meta property=\"og:url\" content=\"https:\/\/www.bonsaicenter.es\/blog\/2018\/03\/jo-con-el-despertar-de-la-primavera\/\" \/>\n<meta property=\"og:site_name\" content=\"El Arte del Bons\u00e1i en Bilbao | Blog de Beti Andres\" \/>\n<meta property=\"article:publisher\" content=\"https:\/\/www.facebook.com\/BonsaiCenterSopelana\/\" \/>\n<meta property=\"article:author\" content=\"https:\/\/www.facebook.com\/beti.andres\" \/>\n<meta property=\"article:published_time\" content=\"2018-03-20T10:04:00+00:00\" \/>\n<meta property=\"article:modified_time\" content=\"2019-05-09T15:16:11+00:00\" \/>\n<meta property=\"og:image\" content=\"https:\/\/www.bonsaicenter.es\/blog\/wp-content\/uploads\/2018\/03\/Eldespertardelaprimaverabonsai28229.jpg\" \/>\n<meta name=\"author\" content=\"Beti Andr\u00e9s\" \/>\n<meta name=\"twitter:card\" content=\"summary_large_image\" \/>\n<meta name=\"twitter:creator\" content=\"@bonsaisopelana\" \/>\n<meta name=\"twitter:site\" content=\"@bonsaisopelana\" \/>\n<meta name=\"twitter:label1\" content=\"Escrito por\" \/>\n\t<meta name=\"twitter:data1\" content=\"Beti Andr\u00e9s\" \/>\n\t<meta name=\"twitter:label2\" content=\"Tiempo de lectura\" \/>\n\t<meta name=\"twitter:data2\" content=\"2 minutos\" \/>\n<!-- \/ Yoast SEO plugin. -->","yoast_head_json":{"title":"JO CON EL DESPERTAR DE LA PRIMAVERA. - El Arte del Bons\u00e1i en Bilbao | Blog de Beti Andres","robots":{"index":"index","follow":"follow","max-snippet":"max-snippet:-1","max-image-preview":"max-image-preview:large","max-video-preview":"max-video-preview:-1"},"canonical":"https:\/\/www.bonsaicenter.es\/blog\/2018\/03\/jo-con-el-despertar-de-la-primavera\/","og_locale":"es_ES","og_type":"article","og_title":"JO CON EL DESPERTAR DE LA PRIMAVERA. - El Arte del Bons\u00e1i en Bilbao | Blog de Beti Andres","og_description":"Que s\u00ed, que hoy comenzamos la primavera.&nbsp; Pues la vedad es que se ha lucido. Ha entrado sin pena ni gloria. \u00daltimamente pasan cosas muy raras con la primavera. La primera de todas es que parece invierno. Ayer volv\u00eda de visitar a mi madre y nevaba como si no hubiera un ma\u00f1ana. Esto no es [&hellip;]","og_url":"https:\/\/www.bonsaicenter.es\/blog\/2018\/03\/jo-con-el-despertar-de-la-primavera\/","og_site_name":"El Arte del Bons\u00e1i en Bilbao | Blog de Beti Andres","article_publisher":"https:\/\/www.facebook.com\/BonsaiCenterSopelana\/","article_author":"https:\/\/www.facebook.com\/beti.andres","article_published_time":"2018-03-20T10:04:00+00:00","article_modified_time":"2019-05-09T15:16:11+00:00","og_image":[{"url":"https:\/\/www.bonsaicenter.es\/blog\/wp-content\/uploads\/2018\/03\/Eldespertardelaprimaverabonsai28229.jpg","type":"","width":"","height":""}],"author":"Beti Andr\u00e9s","twitter_card":"summary_large_image","twitter_creator":"@bonsaisopelana","twitter_site":"@bonsaisopelana","twitter_misc":{"Escrito por":"Beti Andr\u00e9s","Tiempo de lectura":"2 minutos"},"schema":{"@context":"https:\/\/schema.org","@graph":[{"@type":"WebPage","@id":"https:\/\/www.bonsaicenter.es\/blog\/2018\/03\/jo-con-el-despertar-de-la-primavera\/","url":"https:\/\/www.bonsaicenter.es\/blog\/2018\/03\/jo-con-el-despertar-de-la-primavera\/","name":"JO CON EL DESPERTAR DE LA PRIMAVERA. - El Arte del Bons\u00e1i en Bilbao | Blog de Beti Andres","isPartOf":{"@id":"https:\/\/www.bonsaicenter.es\/blog\/#website"},"primaryImageOfPage":{"@id":"https:\/\/www.bonsaicenter.es\/blog\/2018\/03\/jo-con-el-despertar-de-la-primavera\/#primaryimage"},"image":{"@id":"https:\/\/www.bonsaicenter.es\/blog\/2018\/03\/jo-con-el-despertar-de-la-primavera\/#primaryimage"},"thumbnailUrl":"https:\/\/www.bonsaicenter.es\/blog\/wp-content\/uploads\/2018\/03\/Eldespertardelaprimaverabonsai28229.jpg","datePublished":"2018-03-20T10:04:00+00:00","dateModified":"2019-05-09T15:16:11+00:00","author":{"@id":"https:\/\/www.bonsaicenter.es\/blog\/#\/schema\/person\/ca647e80fb248af60e4896d324edc61e"},"breadcrumb":{"@id":"https:\/\/www.bonsaicenter.es\/blog\/2018\/03\/jo-con-el-despertar-de-la-primavera\/#breadcrumb"},"inLanguage":"es","potentialAction":[{"@type":"ReadAction","target":["https:\/\/www.bonsaicenter.es\/blog\/2018\/03\/jo-con-el-despertar-de-la-primavera\/"]}]},{"@type":"ImageObject","inLanguage":"es","@id":"https:\/\/www.bonsaicenter.es\/blog\/2018\/03\/jo-con-el-despertar-de-la-primavera\/#primaryimage","url":"https:\/\/www.bonsaicenter.es\/blog\/wp-content\/uploads\/2018\/03\/Eldespertardelaprimaverabonsai28229.jpg","contentUrl":"https:\/\/www.bonsaicenter.es\/blog\/wp-content\/uploads\/2018\/03\/Eldespertardelaprimaverabonsai28229.jpg"},{"@type":"BreadcrumbList","@id":"https:\/\/www.bonsaicenter.es\/blog\/2018\/03\/jo-con-el-despertar-de-la-primavera\/#breadcrumb","itemListElement":[{"@type":"ListItem","position":1,"name":"Portada","item":"https:\/\/www.bonsaicenter.es\/blog\/"},{"@type":"ListItem","position":2,"name":"JO CON EL DESPERTAR DE LA PRIMAVERA."}]},{"@type":"WebSite","@id":"https:\/\/www.bonsaicenter.es\/blog\/#website","url":"https:\/\/www.bonsaicenter.es\/blog\/","name":"El Arte del Bons\u00e1i en Bilbao | Blog de Beti Andres","description":"Bons\u00e1i Center Sopelana","potentialAction":[{"@type":"SearchAction","target":{"@type":"EntryPoint","urlTemplate":"https:\/\/www.bonsaicenter.es\/blog\/?s={search_term_string}"},"query-input":{"@type":"PropertyValueSpecification","valueRequired":true,"valueName":"search_term_string"}}],"inLanguage":"es"},{"@type":"Person","@id":"https:\/\/www.bonsaicenter.es\/blog\/#\/schema\/person\/ca647e80fb248af60e4896d324edc61e","name":"Beti Andr\u00e9s","image":{"@type":"ImageObject","inLanguage":"es","@id":"https:\/\/www.bonsaicenter.es\/blog\/#\/schema\/person\/image\/","url":"https:\/\/secure.gravatar.com\/avatar\/2b96c919fe0c356bc5cea419854b0d273bfa18a2f188d53a66e35075a348dc06?s=96&d=mm&r=g","contentUrl":"https:\/\/secure.gravatar.com\/avatar\/2b96c919fe0c356bc5cea419854b0d273bfa18a2f188d53a66e35075a348dc06?s=96&d=mm&r=g","caption":"Beti Andr\u00e9s"},"description":"Estudi\u00e9 Biolog\u00eda en la Universidad del Pa\u00eds Vasco EHU-UPV. Muy pronto me enamor\u00e9 de los Bons\u00e1is y quise\u00a0 trabajar , viajar y\u00a0 aprender todo lo posible de los grandes maestros del bons\u00e1i. Y ahora, 30 a\u00f1os despu\u00e9s, sigo aprendiendo y compartiendo todo lo que s\u00e9 sobre cuidado y dise\u00f1o de bons\u00e1is. Desde Bonsai Center Sopelana colaboro con grandes maestros y a la vez amigos como Manuel Germade , Taiga Urushibata, entre otros.","sameAs":["https:\/\/www.bonsaicenter.es\/","https:\/\/www.facebook.com\/beti.andres","https:\/\/www.instagram.com\/bonsaicenter_sopelana\/","https:\/\/www.youtube.com\/channel\/UCgfIZYiTGIYp0BAIrXwXrNQ"]}]}},"_links":{"self":[{"href":"https:\/\/www.bonsaicenter.es\/blog\/wp-json\/wp\/v2\/posts\/59","targetHints":{"allow":["GET"]}}],"collection":[{"href":"https:\/\/www.bonsaicenter.es\/blog\/wp-json\/wp\/v2\/posts"}],"about":[{"href":"https:\/\/www.bonsaicenter.es\/blog\/wp-json\/wp\/v2\/types\/post"}],"author":[{"embeddable":true,"href":"https:\/\/www.bonsaicenter.es\/blog\/wp-json\/wp\/v2\/users\/2"}],"replies":[{"embeddable":true,"href":"https:\/\/www.bonsaicenter.es\/blog\/wp-json\/wp\/v2\/comments?post=59"}],"version-history":[{"count":0,"href":"https:\/\/www.bonsaicenter.es\/blog\/wp-json\/wp\/v2\/posts\/59\/revisions"}],"wp:attachment":[{"href":"https:\/\/www.bonsaicenter.es\/blog\/wp-json\/wp\/v2\/media?parent=59"}],"wp:term":[{"taxonomy":"category","embeddable":true,"href":"https:\/\/www.bonsaicenter.es\/blog\/wp-json\/wp\/v2\/categories?post=59"},{"taxonomy":"post_tag","embeddable":true,"href":"https:\/\/www.bonsaicenter.es\/blog\/wp-json\/wp\/v2\/tags?post=59"}],"curies":[{"name":"wp","href":"https:\/\/api.w.org\/{rel}","templated":true}]}}