{"id":57,"date":"2018-04-03T08:55:00","date_gmt":"2018-04-03T07:55:00","guid":{"rendered":"https:\/\/www.bonsaicenter.es\/blog\/germade-bonsai-school-bonsai-center-2\/"},"modified":"2019-05-09T16:16:11","modified_gmt":"2019-05-09T15:16:11","slug":"germade-bonsai-school-bonsai-center-2","status":"publish","type":"post","link":"https:\/\/www.bonsaicenter.es\/blog\/2018\/04\/germade-bonsai-school-bonsai-center-2\/","title":{"rendered":"GERMADE BONSAI SCHOOL-BONSAI CENTER SOPELANA"},"content":{"rendered":"<p><\/p>\n<div class=\"Cuerpo\">\n<\/div>\n<div class=\"Cuerpo\">\n<span lang=\"ES-TRAD\" style=\"color: windowtext; mso-ansi-language: ES-TRAD;\">Podemos anunciaros que la Germade Bonsai School-Bonsai Center Sopelana es ya una realidad.<\/span><\/div>\n<div class=\"Cuerpo\">\n<span lang=\"ES-TRAD\" style=\"color: windowtext; mso-ansi-language: ES-TRAD;\">El ultimo fin de semana de Junio y primero de Julio daremos el pistoletazo de salida con el primer grupo de alumnos. Tres grupos completados y un cuarto en puertas.<\/span><\/div>\n<div class=\"Cuerpo\">\n<span lang=\"ES-TRAD\" style=\"color: windowtext; mso-ansi-language: ES-TRAD;\">Durante 5 a\u00f1os tendremos la oportunidad de contar con un maestro como Manuel Germade que nos atienda, asesore, ense\u00f1e y sobre todo que haga un seguimiento de lo que semanalmente hacemos en las clases que impartimos en Bonsai Center Sopelana<\/span><\/div>\n<div class=\"Cuerpo\">\n<span style=\"color: windowtext;\">Para los que no conocen el proyecto, copio y pego a continuaci\u00f3n la presentaci\u00f3n de la escuela que se hizo hace menos de un mes.<\/span><\/p>\n<div class=\"separator\" style=\"clear: both; text-align: center;\">\n<\/div>\n<div class=\"separator\" style=\"clear: both; text-align: center;\">\n<\/div>\n<div class=\"separator\" style=\"clear: both; text-align: center;\">\n<a href=\"https:\/\/www.bonsaicenter.es\/blog\/wp-content\/uploads\/2018\/04\/IMG-20180125-WA0012.jpg\" imageanchor=\"1\" style=\"margin-left: 1em; margin-right: 1em;\"><img fetchpriority=\"high\" decoding=\"async\" border=\"0\" data-original-height=\"399\" data-original-width=\"400\" height=\"638\" src=\"https:\/\/www.bonsaicenter.es\/blog\/wp-content\/uploads\/2018\/04\/IMG-20180125-WA0012.jpg\" width=\"640\" \/><\/a><\/div>\n<p><\/p>\n<div class=\"separator\" style=\"clear: both; text-align: center;\">\n<\/div>\n<\/div>\n<div class=\"separator\" style=\"clear: both; text-align: center;\">\n<\/div>\n<div class=\"Cuerpo\">\n<span style=\"color: windowtext;\"><\/span><\/div>\n<p><a name='more'><\/a><\/p>\n<div class=\"Cuerpo\">\n<span lang=\"ES-TRAD\" style=\"color: windowtext; mso-ansi-language: ES-TRAD;\">Siguiendo con nuestra pasi\u00f3n y curiosidad, Beti Andr\u00e9s y desde<\/span><span style=\"color: windowtext;\"> Bons<\/span><span lang=\"ES-TRAD\" style=\"color: windowtext; mso-ansi-language: ES-TRAD;\">a<\/span><span style=\"color: windowtext;\">i Center<br \/>\nSopelana<\/span><span lang=\"ES-TRAD\" style=\"color: windowtext; mso-ansi-language: ES-TRAD;\"> queremos aportar algo nuevo para seguir creciendo en el conocimiento<br \/>\ndel arte del Bons\u00e1i. <\/span><span style=\"color: windowtext;\"><\/span><\/div>\n<div class=\"Cuerpo\">\n<span style=\"color: windowtext;\"><br \/><\/span><\/div>\n<div class=\"Cuerpo\">\n<span lang=\"ES-TRAD\" style=\"color: windowtext; mso-ansi-language: ES-TRAD;\">Tenemos el placer de comunicaros que ponemos en marcha<\/span><span lang=\"IT\" style=\"color: windowtext; mso-ansi-language: IT;\"> una <\/span><span class=\"Ninguno\"><span lang=\"ES-TRAD\" style=\"color: windowtext; mso-bidi-font-weight: bold;\">escuela internacional de Bons\u00e1i<\/span><\/span><span lang=\"ES-TRAD\" style=\"color: windowtext; mso-ansi-language: ES-TRAD;\"><span style=\"mso-spacerun: yes;\">&nbsp; <\/span>inspirada en el m<\/span><span lang=\"FR\" style=\"color: windowtext; mso-ansi-language: FR;\">\u00e9<\/span><span lang=\"PT\" style=\"color: windowtext; mso-ansi-language: PT;\">todo japon<\/span><span lang=\"FR\" style=\"color: windowtext; mso-ansi-language: FR;\">\u00e9<\/span><span lang=\"PT\" style=\"color: windowtext; mso-ansi-language: PT;\">s. <\/span><span lang=\"ES-TRAD\" style=\"color: windowtext; mso-ansi-language: ES-TRAD;\">De la mano del maestro<br \/>\nManuel Germade vamos a acercar a nuestros alumnos y clientes a un nivel<br \/>\nsuperior de aprendizaje del arte del bons\u00e1i.<\/span><span style=\"color: windowtext;\"><\/span><\/div>\n<div class=\"Cuerpo\">\n<\/div>\n<div class=\"Cuerpo\">\n<\/div>\n<div class=\"Cuerpo\">\n<span lang=\"IT\" style=\"color: windowtext; mso-ansi-language: IT;\">Manuel<br \/>\nGermade complet<\/span><span lang=\"ES-TRAD\" style=\"color: windowtext; mso-ansi-language: ES-TRAD;\">\u00f3 en 2016 sus <span class=\"Ninguno\"><span style=\"mso-bidi-font-weight: bold;\">estudios de Bons\u00e1i en Jap\u00f3n<\/span><\/span>, bajo la supervisi\u00f3n primero<br \/>\ndel maestro <\/span><span class=\"Ninguno\"><span lang=\"IT\" style=\"color: windowtext; mso-ansi-language: IT; mso-bidi-font-weight: bold;\">Nobuichi Urushibata<\/span><\/span><span lang=\"ES-TRAD\" style=\"color: windowtext; mso-ansi-language: ES-TRAD;\">. Y<br \/>\nposteriormente de la mano de su hijo <span class=\"Ninguno\"><span style=\"mso-bidi-font-weight: bold;\">Taiga Urushibata<\/span><\/span>, alumno del<br \/>\nsensei <span class=\"Ninguno\"><span style=\"mso-bidi-font-weight: bold;\">Masahiko<br \/>\nKimura<\/span><\/span><\/span><span style=\"color: windowtext;\">.<\/span><\/div>\n<div class=\"Cuerpo\">\n<\/div>\n<div class=\"Cuerpo\">\n<span lang=\"ES-TRAD\" style=\"color: windowtext; mso-ansi-language: ES-TRAD;\">Desde entonces, realiza<\/span><span lang=\"PT\" style=\"color: windowtext; mso-ansi-language: PT;\"> visitas peri<\/span><span lang=\"ES-TRAD\" style=\"color: windowtext; mso-ansi-language: ES-TRAD;\">\u00f3<\/span><span lang=\"PT\" style=\"color: windowtext; mso-ansi-language: PT;\">dicas a Bons<\/span><span lang=\"ES-TRAD\" style=\"color: windowtext; mso-ansi-language: ES-TRAD;\">ai Center Sopelana, donde tiene un grupo de alumnos<br \/>\nfieles, entre los que me incluyo, tanto aprendiendo como apoyando en sus<br \/>\ntalleres.<\/span><span style=\"color: windowtext;\"><\/span><\/div>\n<div class=\"Cuerpo\">\n<\/div>\n<div class=\"Cuerpo\">\n<b style=\"mso-bidi-font-weight: normal;\"><span lang=\"ES-TRAD\" style=\"color: windowtext; mso-ansi-language: ES-TRAD;\">La idea nos rondaba en la<br \/>\ncabeza desde hace alg\u00fan tiempo, pero fue hace unos meses cuando vimos la<br \/>\nposibilidad de establecer en nuestras instalaciones la \u201c<span class=\"Ninguno\"><span style=\"mso-bidi-font-weight: bold;\">Manuel Germade Bons\u00e1i School<\/span><\/span>\u201d<\/span><\/b><span lang=\"ES-TRAD\" style=\"color: windowtext; mso-ansi-language: ES-TRAD;\">, tal y como ya<br \/>\nfunciona en B<\/span><span lang=\"FR\" style=\"color: windowtext; mso-ansi-language: FR;\">\u00e9<\/span><span lang=\"PT\" style=\"color: windowtext; mso-ansi-language: PT;\">lgica a<br \/>\ncargo de Yama Bonsai.<\/span><span style=\"color: windowtext;\"><\/span><\/div>\n<div class=\"Cuerpo\">\n<\/div>\n<div class=\"Cuerpo\">\n<span lang=\"ES-TRAD\" style=\"color: windowtext; mso-ansi-language: ES-TRAD;\">Manuel estuvo encantado ya que conoce la ubicaci\u00f3n<\/span><span style=\"color: windowtext;\">n, <\/span><span class=\"Ninguno\"><span lang=\"ES-TRAD\" style=\"color: windowtext;\">el inter\u00e9s de los alumnos, el potencial de trabajar en<br \/>\nBilbao <\/span><\/span><span lang=\"ES-TRAD\" style=\"color: windowtext; mso-ansi-language: ES-TRAD;\">y sobre todo el material del que disponemos para trabajar y aprender.<\/span><span style=\"color: windowtext;\"><\/span><\/div>\n<div class=\"Cuerpo\">\n<\/div>\n<div class=\"Cuerpo\">\n<span lang=\"ES-TRAD\" style=\"color: windowtext; mso-ansi-language: ES-TRAD;\">As\u00ed que, manos a la obra, fundamos <\/span><\/div>\n<div class=\"Cuerpo\">\n<\/div>\n<div class=\"Cuerpo\">\n<span class=\"Ninguno\"><b><span lang=\"IT\" style=\"color: windowtext; font-size: 16.0pt; mso-ansi-language: IT;\">Manuel Germade Bons<\/span><\/b><\/span><span class=\"Ninguno\"><b><span lang=\"EN-US\" style=\"color: windowtext; font-size: 16.0pt; mso-ansi-language: EN-US;\">ai School &#8211; Bonsai Center Sopelana (Spain).<\/span><\/b><\/span><b style=\"mso-bidi-font-weight: normal;\"><span lang=\"EN-US\" style=\"color: windowtext; font-size: 16.0pt; mso-ansi-language: EN-US;\"><\/span><\/b><\/div>\n<div class=\"MsoNoSpacing\">\n<\/div>\n<div class=\"MsoNoSpacing\">\n<b style=\"mso-bidi-font-weight: normal;\"><span lang=\"ES-TRAD\" style=\"font-size: 14.0pt; mso-ansi-language: ES-TRAD;\">\u00bf<\/span><\/b><b style=\"mso-bidi-font-weight: normal;\"><span lang=\"IT\" style=\"font-size: 14.0pt; mso-ansi-language: IT;\">Qui<\/span><\/b><b style=\"mso-bidi-font-weight: normal;\"><span lang=\"FR\" style=\"font-size: 14.0pt; mso-ansi-language: FR;\">\u00e9n<\/span><\/b><b style=\"mso-bidi-font-weight: normal;\"><span lang=\"ES-TRAD\" style=\"font-size: 14.0pt; mso-ansi-language: ES-TRAD;\">es pueden formar parte?<\/span><\/b><\/div>\n<div class=\"MsoNoSpacing\">\n<\/div>\n<div class=\"Cuerpo\">\n<span lang=\"ES-TRAD\" style=\"color: windowtext; mso-ansi-language: ES-TRAD;\">Todos aquellos amantes del bons\u00e1i dispuestos a comprometerse <\/span><b style=\"mso-bidi-font-weight: normal;\"><u><span lang=\"ES-TRAD\" style=\"color: windowtext; font-size: 14.0pt; mso-ansi-language: ES-TRAD;\">durante 5 a\u00f1os para<br \/>\ncompletar el curso<\/span><\/u><\/b><span lang=\"ES-TRAD\" style=\"color: windowtext; mso-ansi-language: ES-TRAD;\">. La pasi\u00f3n por el bons\u00e1i y la curiosidad son parte<br \/>\nde lo que se necesita para formar parte de este proyecto a largo plazo.<\/span><span style=\"color: windowtext;\"><\/span><\/div>\n<div class=\"Cuerpo\">\n<\/div>\n<div class=\"Cuerpo\">\n<b><span lang=\"ES-TRAD\" style=\"color: windowtext; font-size: 14.0pt; mso-ansi-language: ES-TRAD;\">Ideario de Manuel Germade Bonsa<\/span><\/b><b><span style=\"color: windowtext; font-size: 14.0pt;\">i School.<\/span><\/b><\/div>\n<div class=\"Cuerpo\">\n<\/div>\n<div class=\"Cuerpo\">\n<span lang=\"ES-TRAD\" style=\"color: windowtext; mso-ansi-language: ES-TRAD;\">La escuela de bons\u00e1i incide en todas las facetas del bons\u00e1i. No es<br \/>\nnecesario disponer de grandes ejemplares ni tener grandes conocimientos.<\/span><span style=\"color: windowtext;\"><\/span><\/div>\n<div class=\"Cuerpo\">\n<\/div>\n<div class=\"Cuerpo\">\n<b style=\"mso-bidi-font-weight: normal;\"><u><span lang=\"ES-TRAD\" style=\"color: windowtext; mso-ansi-language: ES-TRAD;\">El maestro Manuel Germade<br \/>\nvisitar<\/span><\/u><\/b><b style=\"mso-bidi-font-weight: normal;\"><u><span style=\"color: windowtext;\">\u00e1 <\/span><\/u><\/b><b style=\"mso-bidi-font-weight: normal;\"><u><span lang=\"ES-TRAD\" style=\"color: windowtext; mso-ansi-language: ES-TRAD;\">Bons\u00e1i Center<br \/>\nSopelana cuatro veces al a\u00f1o, una por cada estaci\u00f3n.<\/span><\/u><\/b><span lang=\"ES-TRAD\" style=\"color: windowtext; mso-ansi-language: ES-TRAD;\"> Es interesante<br \/>\ncomentar que el clima donde Manuel Germade tiene su residencia es muy similar<br \/>\nal nuestro, lo que ayuda a una correcta supervisi\u00f3n en el cultivo de nuestros bons\u00e1is.<\/span><span style=\"color: windowtext;\"><\/span><\/div>\n<div class=\"Cuerpo\">\n<\/div>\n<div class=\"Cuerpo\">\n<span lang=\"ES-TRAD\" style=\"color: windowtext; mso-ansi-language: ES-TRAD;\">\u2022 \u00bfC\u00f3mo crece y engorda un bons\u00e1i?<\/span><span style=\"color: windowtext;\"><\/span><\/div>\n<div class=\"Cuerpo\">\n<span lang=\"ES-TRAD\" style=\"color: windowtext; mso-ansi-language: ES-TRAD;\">\u2022 \u00bf<\/span><span style=\"color: windowtext;\">C<\/span><span lang=\"ES-TRAD\" style=\"color: windowtext; mso-ansi-language: ES-TRAD;\">\u00f3mo comenzar con un material<br \/>\nhumilde y conseguir un ejemplar de bons\u00e1i digno?<\/span><span style=\"color: windowtext;\"><\/span><\/div>\n<div class=\"Cuerpo\">\n<span lang=\"ES-TRAD\" style=\"color: windowtext; mso-ansi-language: ES-TRAD;\">\u2022 \u00bf<\/span><span style=\"color: windowtext;\">Cu\u00e1<\/span><span lang=\"ES-TRAD\" style=\"color: windowtext; mso-ansi-language: ES-TRAD;\">les son los pr\u00f3ximos pasos<br \/>\npara no cometer errores?<\/span><span style=\"color: windowtext;\"><\/span><\/div>\n<div class=\"Cuerpo\">\n<span lang=\"ES-TRAD\" style=\"color: windowtext; mso-ansi-language: ES-TRAD;\">\u2022 \u00bf<\/span><span style=\"color: windowtext;\">C<\/span><span lang=\"ES-TRAD\" style=\"color: windowtext; mso-ansi-language: ES-TRAD;\">\u00f3mo alambrar correctamente y<br \/>\ncuando es el momento m<\/span><span style=\"color: windowtext;\">\u00e1<\/span><span lang=\"FR\" style=\"color: windowtext; mso-ansi-language: FR;\">s favorable?<\/span><span style=\"color: windowtext;\"><\/span><\/div>\n<div class=\"Cuerpo\">\n<span lang=\"ES-TRAD\" style=\"color: windowtext; mso-ansi-language: ES-TRAD;\">\u2022 \u00bf<\/span><span lang=\"IT\" style=\"color: windowtext; mso-ansi-language: IT;\">Qu<\/span><span lang=\"FR\" style=\"color: windowtext; mso-ansi-language: FR;\">\u00e9 <\/span><span lang=\"ES-TRAD\" style=\"color: windowtext; mso-ansi-language: ES-TRAD;\">maceta es la m<\/span><span style=\"color: windowtext;\">\u00e1<\/span><span lang=\"ES-TRAD\" style=\"color: windowtext; mso-ansi-language: ES-TRAD;\">s adecuada para mi bons\u00e1i o cu<\/span><span style=\"color: windowtext;\">\u00e1<\/span><span lang=\"ES-TRAD\" style=\"color: windowtext; mso-ansi-language: ES-TRAD;\">l elijo para exponer mi bons\u00e1i?<\/span><span style=\"color: windowtext;\"><\/span><\/div>\n<div class=\"Cuerpo\">\n<\/div>\n<div class=\"Cuerpo\">\n<span lang=\"ES-TRAD\" style=\"color: windowtext; mso-ansi-language: ES-TRAD;\">Ya est<\/span><span style=\"color: windowtext;\">\u00e1<\/span><span lang=\"ES-TRAD\" style=\"color: windowtext; mso-ansi-language: ES-TRAD;\">n formados dos<br \/>\ngrupos de seis personas, aunque estamos abiertos a nuevas inscripciones en la<br \/>\nescuela para organizar un tercer grupo. Cada grupo tendr<\/span><span style=\"color: windowtext;\">\u00e1 <\/span><span lang=\"ES-TRAD\" style=\"color: windowtext; mso-ansi-language: ES-TRAD;\">asignado un d\u00eda que en cada sesi\u00f3n rotara. Los d<\/span><span style=\"color: windowtext;\">\u00ed<\/span><span lang=\"PT\" style=\"color: windowtext; mso-ansi-language: PT;\">as son; Viernes, Sabado o domingo. <\/span><span lang=\"ES-TRAD\" style=\"color: windowtext; mso-ansi-language: ES-TRAD;\">Paralelamente<br \/>\nse organizaran<span style=\"mso-spacerun: yes;\">&nbsp; <\/span>talleres y demos como<br \/>\nestamos haciendo hasta ahora en otras fechas.<\/span><span style=\"color: windowtext;\"><\/span><\/div>\n<div class=\"Cuerpo\">\n<\/div>\n<div class=\"Cuerpo\">\n<b><span lang=\"ES-TRAD\" style=\"color: windowtext; font-size: 14.0pt; mso-ansi-language: ES-TRAD;\">Fechas para cada a\u00f1<\/span><\/b><b><span lang=\"IT\" style=\"color: windowtext; font-size: 14.0pt; mso-ansi-language: IT;\">o:<\/span><\/b><\/div>\n<div class=\"Cuerpo\">\n<\/div>\n<div class=\"Cuerpo\">\n<span lang=\"ES-TRAD\" style=\"color: windowtext; mso-ansi-language: ES-TRAD;\">Cuarto fin de semana de Enero. Turno viernes, s<\/span><span style=\"color: windowtext;\">\u00e1<\/span><span lang=\"ES-TRAD\" style=\"color: windowtext; mso-ansi-language: ES-TRAD;\">bado o domingo.<\/span><\/div>\n<div class=\"Cuerpo\">\n<\/div>\n<div class=\"Cuerpo\">\n<span lang=\"ES-TRAD\" style=\"color: windowtext; mso-ansi-language: ES-TRAD;\">Primer fin de semana de Abril.<\/span><span style=\"color: windowtext;\"><\/span><\/div>\n<div class=\"Cuerpo\">\n<\/div>\n<div class=\"Cuerpo\">\n<span lang=\"ES-TRAD\" style=\"color: windowtext; mso-ansi-language: ES-TRAD;\">Primer fin de semana de Julio.<\/span><span style=\"color: windowtext;\"><\/span><\/div>\n<div class=\"Cuerpo\">\n<\/div>\n<div class=\"Cuerpo\">\n<span lang=\"ES-TRAD\" style=\"color: windowtext; mso-ansi-language: ES-TRAD;\">Primer fin de semana de Octubre.<\/span><span style=\"color: windowtext;\"><\/span><\/div>\n<div class=\"Cuerpo\">\n<\/div>\n<div class=\"Cuerpo\">\n<\/div>\n<div class=\"Cuerpo\">\n<b style=\"mso-bidi-font-weight: normal;\"><u><span lang=\"ES-TRAD\" style=\"color: windowtext; font-size: 14.0pt; mso-ansi-language: ES-TRAD;\">La escuela<br \/>\ninicia su andadura el primer fin de semana de julio. <span style=\"mso-spacerun: yes;\">&nbsp;<\/span><\/span><\/u><\/b><b style=\"mso-bidi-font-weight: normal;\"><u><span style=\"color: windowtext; font-size: 14.0pt;\"><\/span><\/u><\/b><\/div>\n<div class=\"Cuerpo\">\n<\/div>\n<div class=\"Cuerpo\">\n<b><span lang=\"PT\" style=\"color: windowtext; font-size: 14.0pt; mso-ansi-language: PT;\">Contacto:<\/span><\/b><b><span style=\"color: windowtext; font-size: 14.0pt;\"><\/span><\/b><\/div>\n<div class=\"Cuerpo\">\n<\/div>\n<div class=\"Cuerpo\">\n<span lang=\"ES-TRAD\" style=\"color: windowtext; mso-ansi-language: ES-TRAD;\">Si estas interesado o tienes alguna cuesti\u00f3n que hacernos.<\/span><span style=\"color: windowtext;\"><\/span><\/div>\n<div class=\"Cuerpo\">\n<span lang=\"ES-TRAD\" style=\"color: windowtext; mso-ansi-language: ES-TRAD;\">Ponte en contacto con:<\/span><span style=\"color: windowtext;\"><\/span><\/div>\n<div class=\"Cuerpo\">\n<span lang=\"IT\" style=\"color: windowtext; mso-ansi-language: IT;\">Bonsai<br \/>\nCenter Sopelana, Sopela, Bizkaia.<\/span><span style=\"color: windowtext;\"><\/span><\/div>\n<div class=\"Cuerpo\">\n<span class=\"Ninguno\"><span lang=\"EN-US\" style=\"color: windowtext; mso-ansi-language: EN-US;\">Beti Andr\u00e9s 94 676 16 14<span style=\"mso-spacerun: yes;\">&nbsp; <\/span>bonsaicenter.sopelana@gmail.com<\/span><\/span><\/div>\n<div class=\"Cuerpo\">\n<\/div>\n<div class=\"Cuerpo\" style=\"text-align: center;\">\n<span style=\"background-color: white;\"><b><span style=\"font-size: x-large;\"><span class=\"Ninguno\"><span lang=\"EN-US\" style=\"color: windowtext;\">Saludos cordiales desde Bilbao<\/span><\/span><\/span><\/b><\/span><\/div>\n<div class=\"Cuerpo\" style=\"text-align: center;\">\n<span style=\"background-color: white;\"><b><span style=\"font-size: x-large;\"><a href=\"http:\/\/www.bonsaicenter.es\/\"><span class=\"Ninguno\"><span lang=\"EN-US\" style=\"color: windowtext;\">Visita bonsaicenter.es <\/span><\/span><\/a><\/span><\/b><\/span><span lang=\"EN-US\" style=\"color: windowtext; mso-ansi-language: EN-US;\"><\/span><\/div>\n","protected":false},"excerpt":{"rendered":"<p>Podemos anunciaros que la Germade Bonsai School-Bonsai Center Sopelana es ya una realidad. El ultimo fin de semana de Junio y primero de Julio daremos el pistoletazo de salida con el primer grupo de alumnos. Tres grupos completados y un cuarto en puertas. Durante 5 a\u00f1os tendremos la oportunidad de contar con un maestro como [&hellip;]<\/p>\n","protected":false},"author":2,"featured_media":0,"comment_status":"open","ping_status":"open","sticky":false,"template":"","format":"standard","meta":{"ocean_post_layout":"","ocean_both_sidebars_style":"","ocean_both_sidebars_content_width":0,"ocean_both_sidebars_sidebars_width":0,"ocean_sidebar":"","ocean_second_sidebar":"","ocean_disable_margins":"enable","ocean_add_body_class":"","ocean_shortcode_before_top_bar":"","ocean_shortcode_after_top_bar":"","ocean_shortcode_before_header":"","ocean_shortcode_after_header":"","ocean_has_shortcode":"","ocean_shortcode_after_title":"","ocean_shortcode_before_footer_widgets":"","ocean_shortcode_after_footer_widgets":"","ocean_shortcode_before_footer_bottom":"","ocean_shortcode_after_footer_bottom":"","ocean_display_top_bar":"default","ocean_display_header":"default","ocean_header_style":"","ocean_center_header_left_menu":"","ocean_custom_header_template":"","ocean_custom_logo":0,"ocean_custom_retina_logo":0,"ocean_custom_logo_max_width":0,"ocean_custom_logo_tablet_max_width":0,"ocean_custom_logo_mobile_max_width":0,"ocean_custom_logo_max_height":0,"ocean_custom_logo_tablet_max_height":0,"ocean_custom_logo_mobile_max_height":0,"ocean_header_custom_menu":"","ocean_menu_typo_font_family":"","ocean_menu_typo_font_subset":"","ocean_menu_typo_font_size":0,"ocean_menu_typo_font_size_tablet":0,"ocean_menu_typo_font_size_mobile":0,"ocean_menu_typo_font_size_unit":"px","ocean_menu_typo_font_weight":"","ocean_menu_typo_font_weight_tablet":"","ocean_menu_typo_font_weight_mobile":"","ocean_menu_typo_transform":"","ocean_menu_typo_transform_tablet":"","ocean_menu_typo_transform_mobile":"","ocean_menu_typo_line_height":0,"ocean_menu_typo_line_height_tablet":0,"ocean_menu_typo_line_height_mobile":0,"ocean_menu_typo_line_height_unit":"","ocean_menu_typo_spacing":0,"ocean_menu_typo_spacing_tablet":0,"ocean_menu_typo_spacing_mobile":0,"ocean_menu_typo_spacing_unit":"","ocean_menu_link_color":"","ocean_menu_link_color_hover":"","ocean_menu_link_color_active":"","ocean_menu_link_background":"","ocean_menu_link_hover_background":"","ocean_menu_link_active_background":"","ocean_menu_social_links_bg":"","ocean_menu_social_hover_links_bg":"","ocean_menu_social_links_color":"","ocean_menu_social_hover_links_color":"","ocean_disable_title":"default","ocean_disable_heading":"default","ocean_post_title":"","ocean_post_subheading":"","ocean_post_title_style":"","ocean_post_title_background_color":"","ocean_post_title_background":0,"ocean_post_title_bg_image_position":"","ocean_post_title_bg_image_attachment":"","ocean_post_title_bg_image_repeat":"","ocean_post_title_bg_image_size":"","ocean_post_title_height":0,"ocean_post_title_bg_overlay":0.5,"ocean_post_title_bg_overlay_color":"","ocean_disable_breadcrumbs":"default","ocean_breadcrumbs_color":"","ocean_breadcrumbs_separator_color":"","ocean_breadcrumbs_links_color":"","ocean_breadcrumbs_links_hover_color":"","ocean_display_footer_widgets":"default","ocean_display_footer_bottom":"default","ocean_custom_footer_template":"","ocean_post_oembed":"","ocean_post_self_hosted_media":"","ocean_post_video_embed":"","ocean_link_format":"","ocean_link_format_target":"self","ocean_quote_format":"","ocean_quote_format_link":"post","ocean_gallery_link_images":"on","ocean_gallery_id":[],"footnotes":""},"categories":[26],"tags":[7,19,13,12],"class_list":["post-57","post","type-post","status-publish","format-standard","hentry","category-bonsai","tag-formacion","tag-gernadebonsaischool-bonsaicentersopelana","tag-infobonsai","tag-trabajos-varios","entry"],"yoast_head":"<!-- This site is optimized with the Yoast SEO plugin v26.1.1 - https:\/\/yoast.com\/wordpress\/plugins\/seo\/ -->\n<title>GERMADE BONSAI SCHOOL-BONSAI CENTER SOPELANA - El Arte del Bons\u00e1i en Bilbao | Blog de Beti Andres<\/title>\n<meta name=\"robots\" content=\"index, follow, max-snippet:-1, max-image-preview:large, max-video-preview:-1\" \/>\n<link rel=\"canonical\" href=\"https:\/\/www.bonsaicenter.es\/blog\/2018\/04\/germade-bonsai-school-bonsai-center-2\/\" \/>\n<meta property=\"og:locale\" content=\"es_ES\" \/>\n<meta property=\"og:type\" content=\"article\" \/>\n<meta property=\"og:title\" content=\"GERMADE BONSAI SCHOOL-BONSAI CENTER SOPELANA - El Arte del Bons\u00e1i en Bilbao | Blog de Beti Andres\" \/>\n<meta property=\"og:description\" content=\"Podemos anunciaros que la Germade Bonsai School-Bonsai Center Sopelana es ya una realidad. El ultimo fin de semana de Junio y primero de Julio daremos el pistoletazo de salida con el primer grupo de alumnos. Tres grupos completados y un cuarto en puertas. Durante 5 a\u00f1os tendremos la oportunidad de contar con un maestro como [&hellip;]\" \/>\n<meta property=\"og:url\" content=\"https:\/\/www.bonsaicenter.es\/blog\/2018\/04\/germade-bonsai-school-bonsai-center-2\/\" \/>\n<meta property=\"og:site_name\" content=\"El Arte del Bons\u00e1i en Bilbao | Blog de Beti Andres\" \/>\n<meta property=\"article:publisher\" content=\"https:\/\/www.facebook.com\/BonsaiCenterSopelana\/\" \/>\n<meta property=\"article:author\" content=\"https:\/\/www.facebook.com\/beti.andres\" \/>\n<meta property=\"article:published_time\" content=\"2018-04-03T07:55:00+00:00\" \/>\n<meta property=\"article:modified_time\" content=\"2019-05-09T15:16:11+00:00\" \/>\n<meta property=\"og:image\" content=\"https:\/\/www.bonsaicenter.es\/blog\/wp-content\/uploads\/2018\/04\/IMG-20180125-WA0012.jpg\" \/>\n<meta name=\"author\" content=\"Beti Andr\u00e9s\" \/>\n<meta name=\"twitter:card\" content=\"summary_large_image\" \/>\n<meta name=\"twitter:creator\" content=\"@bonsaisopelana\" \/>\n<meta name=\"twitter:site\" content=\"@bonsaisopelana\" \/>\n<meta name=\"twitter:label1\" content=\"Escrito por\" \/>\n\t<meta name=\"twitter:data1\" content=\"Beti Andr\u00e9s\" \/>\n\t<meta name=\"twitter:label2\" content=\"Tiempo de lectura\" \/>\n\t<meta name=\"twitter:data2\" content=\"3 minutos\" \/>\n<!-- \/ Yoast SEO plugin. -->","yoast_head_json":{"title":"GERMADE BONSAI SCHOOL-BONSAI CENTER SOPELANA - El Arte del Bons\u00e1i en Bilbao | Blog de Beti Andres","robots":{"index":"index","follow":"follow","max-snippet":"max-snippet:-1","max-image-preview":"max-image-preview:large","max-video-preview":"max-video-preview:-1"},"canonical":"https:\/\/www.bonsaicenter.es\/blog\/2018\/04\/germade-bonsai-school-bonsai-center-2\/","og_locale":"es_ES","og_type":"article","og_title":"GERMADE BONSAI SCHOOL-BONSAI CENTER SOPELANA - El Arte del Bons\u00e1i en Bilbao | Blog de Beti Andres","og_description":"Podemos anunciaros que la Germade Bonsai School-Bonsai Center Sopelana es ya una realidad. El ultimo fin de semana de Junio y primero de Julio daremos el pistoletazo de salida con el primer grupo de alumnos. Tres grupos completados y un cuarto en puertas. Durante 5 a\u00f1os tendremos la oportunidad de contar con un maestro como [&hellip;]","og_url":"https:\/\/www.bonsaicenter.es\/blog\/2018\/04\/germade-bonsai-school-bonsai-center-2\/","og_site_name":"El Arte del Bons\u00e1i en Bilbao | Blog de Beti Andres","article_publisher":"https:\/\/www.facebook.com\/BonsaiCenterSopelana\/","article_author":"https:\/\/www.facebook.com\/beti.andres","article_published_time":"2018-04-03T07:55:00+00:00","article_modified_time":"2019-05-09T15:16:11+00:00","og_image":[{"url":"https:\/\/www.bonsaicenter.es\/blog\/wp-content\/uploads\/2018\/04\/IMG-20180125-WA0012.jpg","type":"","width":"","height":""}],"author":"Beti Andr\u00e9s","twitter_card":"summary_large_image","twitter_creator":"@bonsaisopelana","twitter_site":"@bonsaisopelana","twitter_misc":{"Escrito por":"Beti Andr\u00e9s","Tiempo de lectura":"3 minutos"},"schema":{"@context":"https:\/\/schema.org","@graph":[{"@type":"WebPage","@id":"https:\/\/www.bonsaicenter.es\/blog\/2018\/04\/germade-bonsai-school-bonsai-center-2\/","url":"https:\/\/www.bonsaicenter.es\/blog\/2018\/04\/germade-bonsai-school-bonsai-center-2\/","name":"GERMADE BONSAI SCHOOL-BONSAI CENTER SOPELANA - El Arte del Bons\u00e1i en Bilbao | Blog de Beti Andres","isPartOf":{"@id":"https:\/\/www.bonsaicenter.es\/blog\/#website"},"primaryImageOfPage":{"@id":"https:\/\/www.bonsaicenter.es\/blog\/2018\/04\/germade-bonsai-school-bonsai-center-2\/#primaryimage"},"image":{"@id":"https:\/\/www.bonsaicenter.es\/blog\/2018\/04\/germade-bonsai-school-bonsai-center-2\/#primaryimage"},"thumbnailUrl":"https:\/\/www.bonsaicenter.es\/blog\/wp-content\/uploads\/2018\/04\/IMG-20180125-WA0012.jpg","datePublished":"2018-04-03T07:55:00+00:00","dateModified":"2019-05-09T15:16:11+00:00","author":{"@id":"https:\/\/www.bonsaicenter.es\/blog\/#\/schema\/person\/ca647e80fb248af60e4896d324edc61e"},"breadcrumb":{"@id":"https:\/\/www.bonsaicenter.es\/blog\/2018\/04\/germade-bonsai-school-bonsai-center-2\/#breadcrumb"},"inLanguage":"es","potentialAction":[{"@type":"ReadAction","target":["https:\/\/www.bonsaicenter.es\/blog\/2018\/04\/germade-bonsai-school-bonsai-center-2\/"]}]},{"@type":"ImageObject","inLanguage":"es","@id":"https:\/\/www.bonsaicenter.es\/blog\/2018\/04\/germade-bonsai-school-bonsai-center-2\/#primaryimage","url":"https:\/\/www.bonsaicenter.es\/blog\/wp-content\/uploads\/2018\/04\/IMG-20180125-WA0012.jpg","contentUrl":"https:\/\/www.bonsaicenter.es\/blog\/wp-content\/uploads\/2018\/04\/IMG-20180125-WA0012.jpg"},{"@type":"BreadcrumbList","@id":"https:\/\/www.bonsaicenter.es\/blog\/2018\/04\/germade-bonsai-school-bonsai-center-2\/#breadcrumb","itemListElement":[{"@type":"ListItem","position":1,"name":"Portada","item":"https:\/\/www.bonsaicenter.es\/blog\/"},{"@type":"ListItem","position":2,"name":"GERMADE BONSAI SCHOOL-BONSAI CENTER SOPELANA"}]},{"@type":"WebSite","@id":"https:\/\/www.bonsaicenter.es\/blog\/#website","url":"https:\/\/www.bonsaicenter.es\/blog\/","name":"El Arte del Bons\u00e1i en Bilbao | Blog de Beti Andres","description":"Bons\u00e1i Center Sopelana","potentialAction":[{"@type":"SearchAction","target":{"@type":"EntryPoint","urlTemplate":"https:\/\/www.bonsaicenter.es\/blog\/?s={search_term_string}"},"query-input":{"@type":"PropertyValueSpecification","valueRequired":true,"valueName":"search_term_string"}}],"inLanguage":"es"},{"@type":"Person","@id":"https:\/\/www.bonsaicenter.es\/blog\/#\/schema\/person\/ca647e80fb248af60e4896d324edc61e","name":"Beti Andr\u00e9s","image":{"@type":"ImageObject","inLanguage":"es","@id":"https:\/\/www.bonsaicenter.es\/blog\/#\/schema\/person\/image\/","url":"https:\/\/secure.gravatar.com\/avatar\/2b96c919fe0c356bc5cea419854b0d273bfa18a2f188d53a66e35075a348dc06?s=96&d=mm&r=g","contentUrl":"https:\/\/secure.gravatar.com\/avatar\/2b96c919fe0c356bc5cea419854b0d273bfa18a2f188d53a66e35075a348dc06?s=96&d=mm&r=g","caption":"Beti Andr\u00e9s"},"description":"Estudi\u00e9 Biolog\u00eda en la Universidad del Pa\u00eds Vasco EHU-UPV. Muy pronto me enamor\u00e9 de los Bons\u00e1is y quise\u00a0 trabajar , viajar y\u00a0 aprender todo lo posible de los grandes maestros del bons\u00e1i. Y ahora, 30 a\u00f1os despu\u00e9s, sigo aprendiendo y compartiendo todo lo que s\u00e9 sobre cuidado y dise\u00f1o de bons\u00e1is. Desde Bonsai Center Sopelana colaboro con grandes maestros y a la vez amigos como Manuel Germade , Taiga Urushibata, entre otros.","sameAs":["https:\/\/www.bonsaicenter.es\/","https:\/\/www.facebook.com\/beti.andres","https:\/\/www.instagram.com\/bonsaicenter_sopelana\/","https:\/\/www.youtube.com\/channel\/UCgfIZYiTGIYp0BAIrXwXrNQ"]}]}},"_links":{"self":[{"href":"https:\/\/www.bonsaicenter.es\/blog\/wp-json\/wp\/v2\/posts\/57","targetHints":{"allow":["GET"]}}],"collection":[{"href":"https:\/\/www.bonsaicenter.es\/blog\/wp-json\/wp\/v2\/posts"}],"about":[{"href":"https:\/\/www.bonsaicenter.es\/blog\/wp-json\/wp\/v2\/types\/post"}],"author":[{"embeddable":true,"href":"https:\/\/www.bonsaicenter.es\/blog\/wp-json\/wp\/v2\/users\/2"}],"replies":[{"embeddable":true,"href":"https:\/\/www.bonsaicenter.es\/blog\/wp-json\/wp\/v2\/comments?post=57"}],"version-history":[{"count":0,"href":"https:\/\/www.bonsaicenter.es\/blog\/wp-json\/wp\/v2\/posts\/57\/revisions"}],"wp:attachment":[{"href":"https:\/\/www.bonsaicenter.es\/blog\/wp-json\/wp\/v2\/media?parent=57"}],"wp:term":[{"taxonomy":"category","embeddable":true,"href":"https:\/\/www.bonsaicenter.es\/blog\/wp-json\/wp\/v2\/categories?post=57"},{"taxonomy":"post_tag","embeddable":true,"href":"https:\/\/www.bonsaicenter.es\/blog\/wp-json\/wp\/v2\/tags?post=57"}],"curies":[{"name":"wp","href":"https:\/\/api.w.org\/{rel}","templated":true}]}}