{"id":26,"date":"2018-12-04T09:44:00","date_gmt":"2018-12-04T08:44:00","guid":{"rendered":"https:\/\/www.bonsaicenter.es\/blog\/el-dilema-de-las-raices-del-bonsai\/"},"modified":"2019-04-24T11:05:42","modified_gmt":"2019-04-24T10:05:42","slug":"el-dilema-de-las-raices-del-bonsai","status":"publish","type":"post","link":"https:\/\/www.bonsaicenter.es\/blog\/2018\/12\/el-dilema-de-las-raices-del-bonsai\/","title":{"rendered":"El dilema de las ra\u00edces del bonsai &#8211; Recordando"},"content":{"rendered":"<h2 class=\"MsoNormal\" style=\"text-align: center;\"><span style=\"font-size: x-large;\"><b>\u00bfQu\u00e9 ra\u00edces corto?<\/b><\/span><\/h2>\n<h3 class=\"MsoNormal\" style=\"text-align: center;\">En el interior de una maceta cohabitan dos tipos<br \/>\nfundamentales de ra\u00edces.<\/h3>\n<h3 class=\"MsoNormal\" style=\"text-align: center;\"><\/h3>\n<div class=\"separator\" style=\"clear: both; text-align: center;\"><\/div>\n<h3 class=\"MsoNormal\" style=\"text-align: center;\"><\/h3>\n<p>&nbsp;<\/p>\n<blockquote class=\"tr_bq\">\n<div class=\"MsoNormal\"><b><span style=\"font-size: large;\">Las ra\u00edces externas<\/span>: son las que vemos exteriormente y que<br \/>\nforman el nebari del bons\u00e1i. Ser\u00e1n m\u00e1s gruesas y ordenadas de forma radial. A<br \/>\nveces caso de las azaleas&#8230; estas estructuras se convierten en un amasijo de ra\u00edces<br \/>\nentrecruzadas y retorcidas que hay que eliminar. Se puede mejorar el nebari con<br \/>\ndiversas t\u00e9cnicas <span style=\"mso-spacerun: yes;\">\u00a0<\/span>pero eso ser\u00e1 el tema<br \/>\nde otro art\u00edculo.<\/b><\/div>\n<p>&nbsp;<\/p>\n<p>&nbsp;<\/p>\n<div class=\"MsoNormal\"><b><span style=\"font-size: large;\">Las ra\u00edces subterr\u00e1neas: <\/span>Son las que est\u00e1n en el sustrato y<br \/>\nno vemos. Aqu\u00ed tenemos que actuar con decisi\u00f3n.<\/b><\/div>\n<\/blockquote>\n<p>&nbsp;<\/p>\n<div class=\"MsoNormal\"><\/div>\n<div class=\"MsoNormal\"><\/div>\n<div class=\"MsoNormal\"><\/div>\n<blockquote class=\"tr_bq\">\n<blockquote class=\"tr_bq\">\n<div class=\"MsoNormal\"><b>Sabiendo que un bons\u00e1i se alimenta de agua y nutrientes que<br \/>\nabsorbe por las ra\u00edces m\u00e1s finas. <\/b><\/div>\n<\/blockquote>\n<\/blockquote>\n<blockquote class=\"tr_bq\">\n<blockquote class=\"tr_bq\">\n<div class=\"MsoNormal\"><u><span style=\"font-size: x-large;\"><b>Cortaremos<\/b><\/span><\/u><\/div>\n<\/blockquote>\n<\/blockquote>\n<div class=\"MsoNormal\"><\/div>\n<div class=\"separator\" style=\"clear: both; text-align: center;\"><a style=\"margin-left: 1em; margin-right: 1em;\" href=\"https:\/\/www.bonsaicenter.es\/blog\/wp-content\/uploads\/2018\/12\/Thosobonsai-juniperusrigida28329-1024x576.jpg\"><img fetchpriority=\"high\" decoding=\"async\" src=\"https:\/\/www.bonsaicenter.es\/blog\/wp-content\/uploads\/2018\/12\/Thosobonsai-juniperusrigida28329-1024x576.jpg\" width=\"640\" height=\"360\" border=\"0\" \/><\/a><\/div>\n<blockquote class=\"tr_bq\">\n<blockquote class=\"tr_bq\">\n<div class=\"MsoNormal\"><b>Las ra\u00edces gruesas con pocos pelillos radiculares, pero ojo,<br \/>\nno todas a la vez. C\u00f3rtalas en bisel y hacia abajo. Al crecer de nuevo tendr\u00e1n m\u00e1s<br \/>\nsuperficie para conseguir raicillas finas.<\/b><\/div>\n<p>&nbsp;<\/p>\n<p>&nbsp;<\/p>\n<div class=\"MsoNormal\"><b>Ra\u00edces retorcidas o dobladas que no se pueden mejorar con<br \/>\nalambrado.<\/b><\/div>\n<p>&nbsp;<\/p>\n<p>&nbsp;<\/p>\n<div class=\"MsoNormal\"><b>Las Ra\u00edces que se cruzan con otras ra\u00edces enmara\u00f1ando el cepell\u00f3n<br \/>\ny haciendo imposible el paso del agua o la respiraci\u00f3n.<\/b><\/div>\n<p>&nbsp;<\/p>\n<p>&nbsp;<\/p>\n<div class=\"MsoNormal\"><b>Las ra\u00edces que crecen verticalmente hacia abajo sobre todo<br \/>\npor debajo del cepell\u00f3n.<\/b><\/div>\n<p>&nbsp;<\/p>\n<p>&nbsp;<\/p>\n<div class=\"MsoNormal\"><b>Las ra\u00edces que dan sensaci\u00f3n de crecer hacia afuera pero que<br \/>\nluego se vuelven hacia el centro.<\/b><\/div>\n<p>&nbsp;<\/p>\n<p>&nbsp;<\/p>\n<div class=\"MsoNormal\"><b>Las ra\u00edces muertas, enfermas, con bultos&#8230;<\/b><\/div>\n<\/blockquote>\n<\/blockquote>\n<div class=\"MsoNormal\"><\/div>\n<div class=\"MsoNormal\" style=\"text-align: center;\"><span style=\"font-size: x-large;\"><b>\u00bfCu\u00e1ndo cortaremos?<\/b><\/span><\/div>\n<div class=\"MsoNormal\" style=\"text-align: center;\"><\/div>\n<div class=\"separator\" style=\"clear: both; text-align: center;\"><a style=\"clear: left; float: left; margin-bottom: 1em; margin-right: 1em;\" href=\"https:\/\/www.bonsaicenter.es\/blog\/wp-content\/uploads\/2018\/12\/Raicesdebonsai28329.jpg\"><img decoding=\"async\" src=\"https:\/\/www.bonsaicenter.es\/blog\/wp-content\/uploads\/2018\/12\/Raicesdebonsai28329.jpg\" width=\"320\" height=\"221\" border=\"0\" \/><\/a><\/div>\n<div class=\"MsoNormal\" style=\"text-align: center;\"><\/div>\n<blockquote class=\"tr_bq\">\n<div class=\"MsoNormal\"><b>Cuando el suministro de aire se ve limitado en el sustrato<br \/>\nel crecimiento del bons\u00e1i tambi\u00e9n se ve limitado. Es necesario podar ra\u00edces.<br \/>\nEstablecer la estructura radicular b\u00e1sica para luego comenzar con el<br \/>\nrefinamiento del cepell\u00f3n de ra\u00edces.<\/b><\/div>\n<\/blockquote>\n<p>&nbsp;<\/p>\n<blockquote class=\"tr_bq\"><p>&nbsp;<\/p>\n<p>&nbsp;<\/p>\n<div class=\"MsoNormal\"><b>El cu\u00e1ndo tambi\u00e9n se refiere a la \u00e9poca de corte de ra\u00edces.<span style=\"mso-spacerun: yes;\">\u00a0 <\/span>Tendremos que leer nuestro bons\u00e1i. La \u00e9poca depende<br \/>\nde la especie, del grado de humedad, de la latitud, de si es frondosa o con\u00edfera\u2026.<br \/>\nDe si la especie es m\u00e1s delicada o no. De si las ra\u00edces se han activado o no,<br \/>\nde si las yemas comienzan a hincharse&#8230;<\/b><\/div>\n<\/blockquote>\n<div class=\"MsoNormal\"><\/div>\n<div class=\"MsoNormal\"><\/div>\n<div class=\"MsoNormal\" style=\"text-align: center;\"><u><span style=\"font-size: large;\"><b>Algo general y correcto para todos los casos es cortar las ra\u00edces<br \/>\nen el periodo de latencia inmediatamente anterior a una nueva brotaci\u00f3n.<\/b><\/span><\/u><\/div>\n<div style=\"text-align: center;\">\n<p>&nbsp;<\/p>\n<\/div>\n<div class=\"MsoNormal\" style=\"text-align: center;\"><\/div>\n<div class=\"MsoNormal\" style=\"text-align: center;\"><b><span style=\"font-size: x-large;\">\u00bfCu\u00e1nto cortamos?<\/span><\/b><\/div>\n<div class=\"MsoNormal\" style=\"text-align: center;\"><\/div>\n<div class=\"separator\" style=\"clear: both; text-align: center;\"><a style=\"margin-left: 1em; margin-right: 1em;\" href=\"https:\/\/www.bonsaicenter.es\/blog\/wp-content\/uploads\/2018\/12\/Raicesdebonsai28129.jpg\"><img decoding=\"async\" src=\"https:\/\/www.bonsaicenter.es\/blog\/wp-content\/uploads\/2018\/12\/Raicesdebonsai28129.jpg\" width=\"640\" height=\"148\" border=\"0\" \/><\/a><\/div>\n<div class=\"MsoNormal\" style=\"text-align: center;\"><\/div>\n<blockquote class=\"tr_bq\">\n<blockquote class=\"tr_bq\">\n<div class=\"MsoNormal\"><b>Depender\u00e1 de la salud del bons\u00e1i y de su edad, y de la<br \/>\nespecie.<\/b><\/div>\n<p>&nbsp;<\/p>\n<p>&nbsp;<\/p>\n<div class=\"MsoNormal\"><b>En los ejemplares j\u00f3venes se puede podar rotundamente, entre<br \/>\nun 30 y un 50 % del volumen total de ra\u00edces.<\/b><\/div>\n<p>&nbsp;<\/p>\n<p>&nbsp;<\/p>\n<div class=\"MsoNormal\"><b>En ejemplares viejos y sobre todo si son con\u00edferas:<br \/>\npodaremos con sumo cuidado incluso a veces solo es aconsejable peinar las ra\u00edces<br \/>\ny ellas mismas se auto eliminan&#8230;<\/b><\/div>\n<\/blockquote>\n<\/blockquote>\n<div class=\"MsoNormal\" style=\"text-align: center;\"><b><span style=\"font-size: x-large;\">\u00bfQuitamos todo el sustrato?<\/span><\/b><\/div>\n<div class=\"MsoNormal\" style=\"text-align: center;\"><\/div>\n<blockquote class=\"tr_bq\">\n<blockquote class=\"tr_bq\">\n<div class=\"MsoNormal\"><b>Nunca de una sola vez sobre todo si tiene tierra vieja.<br \/>\nCuando hablamos de frondosas con varios trasplantes a cuestas si podemos<br \/>\nrealizar un lavado de ra\u00edces eliminando toda la tierra.<\/b><\/div>\n<\/blockquote>\n<\/blockquote>\n<div class=\"separator\" style=\"clear: both; text-align: center;\"><a style=\"clear: left; float: left; margin-bottom: 1em; margin-right: 1em;\" href=\"https:\/\/www.bonsaicenter.es\/blog\/wp-content\/uploads\/2018\/12\/Raicesdebonsai28429.jpg\"><img loading=\"lazy\" decoding=\"async\" src=\"https:\/\/www.bonsaicenter.es\/blog\/wp-content\/uploads\/2018\/12\/Raicesdebonsai28429.jpg\" width=\"320\" height=\"213\" border=\"0\" \/><\/a><\/div>\n<p>&nbsp;<\/p>\n<blockquote class=\"tr_bq\">\n<blockquote class=\"tr_bq\">\n<div class=\"MsoNormal\"><b><span style=\"font-size: large;\">\u00bfC\u00f3mo elegimos la maceta adecuada?<\/span><\/b> <b>Y no me refiero a la<br \/>\nforma o al color.<\/b><\/div>\n<\/blockquote>\n<p>&nbsp;<\/p>\n<p>&nbsp;<\/p>\n<div class=\"MsoNormal\"><b>Sera aquella que permita acomodar las ra\u00edces y con espacio<br \/>\nsuficiente para que crezcan. Si es muy grande habr\u00e1 problemas de riego bien por<br \/>\nevaporaci\u00f3n excesiva, bien por sobresaturaci\u00f3n.<\/b><\/div>\n<\/blockquote>\n<div style=\"text-align: center;\"><\/div>\n<div style=\"text-align: center;\"><\/div>\n<div style=\"text-align: center;\"><b><span style=\"font-size: x-large;\">Saludos cordiales desde Bilbao<\/span><\/b><\/div>\n<div style=\"text-align: center;\"><b><span style=\"font-size: x-large;\">Beti Andr\u00e9s<\/span><\/b><\/div>\n<div style=\"text-align: center;\"><\/div>\n<div style=\"text-align: center;\"><a href=\"http:\/\/www.bonsaicenter.es\/\" target=\"_blank\" rel=\"noopener noreferrer\"><b><span style=\"font-size: x-large;\">Visita nuestra tienda www.bonsaicenter.es\u00a0<\/span><\/b><\/a><\/div>\n<p>&nbsp;<\/p>\n","protected":false},"excerpt":{"rendered":"<p>\u00bfQu\u00e9 ra\u00edces corto? En el interior de una maceta cohabitan dos tipos fundamentales de ra\u00edces. &nbsp; Las ra\u00edces externas: son las que vemos exteriormente y que forman el nebari del bons\u00e1i. Ser\u00e1n m\u00e1s gruesas y ordenadas de forma radial. A veces caso de las azaleas&#8230; estas estructuras se convierten en un amasijo de ra\u00edces entrecruzadas [&hellip;]<\/p>\n","protected":false},"author":2,"featured_media":7400,"comment_status":"closed","ping_status":"open","sticky":false,"template":"","format":"standard","meta":{"ocean_post_layout":"","ocean_both_sidebars_style":"","ocean_both_sidebars_content_width":0,"ocean_both_sidebars_sidebars_width":0,"ocean_sidebar":"","ocean_second_sidebar":"","ocean_disable_margins":"enable","ocean_add_body_class":"","ocean_shortcode_before_top_bar":"","ocean_shortcode_after_top_bar":"","ocean_shortcode_before_header":"","ocean_shortcode_after_header":"","ocean_has_shortcode":"","ocean_shortcode_after_title":"","ocean_shortcode_before_footer_widgets":"","ocean_shortcode_after_footer_widgets":"","ocean_shortcode_before_footer_bottom":"","ocean_shortcode_after_footer_bottom":"","ocean_display_top_bar":"default","ocean_display_header":"default","ocean_header_style":"","ocean_center_header_left_menu":"","ocean_custom_header_template":"","ocean_custom_logo":0,"ocean_custom_retina_logo":0,"ocean_custom_logo_max_width":0,"ocean_custom_logo_tablet_max_width":0,"ocean_custom_logo_mobile_max_width":0,"ocean_custom_logo_max_height":0,"ocean_custom_logo_tablet_max_height":0,"ocean_custom_logo_mobile_max_height":0,"ocean_header_custom_menu":"","ocean_menu_typo_font_family":"","ocean_menu_typo_font_subset":"","ocean_menu_typo_font_size":0,"ocean_menu_typo_font_size_tablet":0,"ocean_menu_typo_font_size_mobile":0,"ocean_menu_typo_font_size_unit":"px","ocean_menu_typo_font_weight":"","ocean_menu_typo_font_weight_tablet":"","ocean_menu_typo_font_weight_mobile":"","ocean_menu_typo_transform":"","ocean_menu_typo_transform_tablet":"","ocean_menu_typo_transform_mobile":"","ocean_menu_typo_line_height":0,"ocean_menu_typo_line_height_tablet":0,"ocean_menu_typo_line_height_mobile":0,"ocean_menu_typo_line_height_unit":"","ocean_menu_typo_spacing":0,"ocean_menu_typo_spacing_tablet":0,"ocean_menu_typo_spacing_mobile":0,"ocean_menu_typo_spacing_unit":"","ocean_menu_link_color":"","ocean_menu_link_color_hover":"","ocean_menu_link_color_active":"","ocean_menu_link_background":"","ocean_menu_link_hover_background":"","ocean_menu_link_active_background":"","ocean_menu_social_links_bg":"","ocean_menu_social_hover_links_bg":"","ocean_menu_social_links_color":"","ocean_menu_social_hover_links_color":"","ocean_disable_title":"default","ocean_disable_heading":"default","ocean_post_title":"","ocean_post_subheading":"","ocean_post_title_style":"","ocean_post_title_background_color":"","ocean_post_title_background":0,"ocean_post_title_bg_image_position":"","ocean_post_title_bg_image_attachment":"","ocean_post_title_bg_image_repeat":"","ocean_post_title_bg_image_size":"","ocean_post_title_height":0,"ocean_post_title_bg_overlay":0.5,"ocean_post_title_bg_overlay_color":"","ocean_disable_breadcrumbs":"default","ocean_breadcrumbs_color":"","ocean_breadcrumbs_separator_color":"","ocean_breadcrumbs_links_color":"","ocean_breadcrumbs_links_hover_color":"","ocean_display_footer_widgets":"default","ocean_display_footer_bottom":"default","ocean_custom_footer_template":"","ocean_post_oembed":"","ocean_post_self_hosted_media":"","ocean_post_video_embed":"","ocean_link_format":"","ocean_link_format_target":"self","ocean_quote_format":"","ocean_quote_format_link":"post","ocean_gallery_link_images":"on","ocean_gallery_id":[],"footnotes":""},"categories":[26],"tags":[2,4,5,9,12],"class_list":["post-26","post","type-post","status-publish","format-standard","has-post-thumbnail","hentry","category-bonsai","tag-bonsai-bilbao","tag-bonsai-guarderia","tag-bonsaicenter-es","tag-curiosidades","tag-trabajos-varios","entry","has-media"],"yoast_head":"<!-- This site is optimized with the Yoast SEO plugin v26.1.1 - https:\/\/yoast.com\/wordpress\/plugins\/seo\/ -->\n<title>El dilema de las ra\u00edces del bonsai - Recordando - El Arte del Bons\u00e1i en Bilbao | Blog de Beti Andres<\/title>\n<meta name=\"description\" content=\"\u00bfQu\u00e9 ra\u00edces corto?En el interior de una maceta de bonsai cohabitan dos tiposfundamentales de ra\u00edces.\" \/>\n<meta name=\"robots\" content=\"index, follow, max-snippet:-1, max-image-preview:large, max-video-preview:-1\" \/>\n<link rel=\"canonical\" href=\"https:\/\/www.bonsaicenter.es\/blog\/2018\/12\/el-dilema-de-las-raices-del-bonsai\/\" \/>\n<meta property=\"og:locale\" content=\"es_ES\" \/>\n<meta property=\"og:type\" content=\"article\" \/>\n<meta property=\"og:title\" content=\"El dilema de las ra\u00edces del bonsai - Recordando - El Arte del Bons\u00e1i en Bilbao | Blog de Beti Andres\" \/>\n<meta property=\"og:description\" content=\"\u00bfQu\u00e9 ra\u00edces corto?En el interior de una maceta de bonsai cohabitan dos tiposfundamentales de ra\u00edces.\" \/>\n<meta property=\"og:url\" content=\"https:\/\/www.bonsaicenter.es\/blog\/2018\/12\/el-dilema-de-las-raices-del-bonsai\/\" \/>\n<meta property=\"og:site_name\" content=\"El Arte del Bons\u00e1i en Bilbao | Blog de Beti Andres\" \/>\n<meta property=\"article:publisher\" content=\"https:\/\/www.facebook.com\/BonsaiCenterSopelana\/\" \/>\n<meta property=\"article:author\" content=\"https:\/\/www.facebook.com\/beti.andres\" \/>\n<meta property=\"article:published_time\" content=\"2018-12-04T08:44:00+00:00\" \/>\n<meta property=\"article:modified_time\" content=\"2019-04-24T10:05:42+00:00\" \/>\n<meta property=\"og:image\" content=\"https:\/\/www.bonsaicenter.es\/blog\/wp-content\/uploads\/2018\/12\/Thosobonsai-juniperusrigida28729.jpg\" \/>\n\t<meta property=\"og:image:width\" content=\"735\" \/>\n\t<meta property=\"og:image:height\" content=\"606\" \/>\n\t<meta property=\"og:image:type\" content=\"image\/jpeg\" \/>\n<meta name=\"author\" content=\"Beti Andr\u00e9s\" \/>\n<meta name=\"twitter:card\" content=\"summary_large_image\" \/>\n<meta name=\"twitter:creator\" content=\"@bonsaisopelana\" \/>\n<meta name=\"twitter:site\" content=\"@bonsaisopelana\" \/>\n<meta name=\"twitter:label1\" content=\"Escrito por\" \/>\n\t<meta name=\"twitter:data1\" content=\"Beti Andr\u00e9s\" \/>\n\t<meta name=\"twitter:label2\" content=\"Tiempo de lectura\" \/>\n\t<meta name=\"twitter:data2\" content=\"3 minutos\" \/>\n<!-- \/ Yoast SEO plugin. -->","yoast_head_json":{"title":"El dilema de las ra\u00edces del bonsai - Recordando - El Arte del Bons\u00e1i en Bilbao | Blog de Beti Andres","description":"\u00bfQu\u00e9 ra\u00edces corto?En el interior de una maceta de bonsai cohabitan dos tiposfundamentales de ra\u00edces.","robots":{"index":"index","follow":"follow","max-snippet":"max-snippet:-1","max-image-preview":"max-image-preview:large","max-video-preview":"max-video-preview:-1"},"canonical":"https:\/\/www.bonsaicenter.es\/blog\/2018\/12\/el-dilema-de-las-raices-del-bonsai\/","og_locale":"es_ES","og_type":"article","og_title":"El dilema de las ra\u00edces del bonsai - Recordando - El Arte del Bons\u00e1i en Bilbao | Blog de Beti Andres","og_description":"\u00bfQu\u00e9 ra\u00edces corto?En el interior de una maceta de bonsai cohabitan dos tiposfundamentales de ra\u00edces.","og_url":"https:\/\/www.bonsaicenter.es\/blog\/2018\/12\/el-dilema-de-las-raices-del-bonsai\/","og_site_name":"El Arte del Bons\u00e1i en Bilbao | Blog de Beti Andres","article_publisher":"https:\/\/www.facebook.com\/BonsaiCenterSopelana\/","article_author":"https:\/\/www.facebook.com\/beti.andres","article_published_time":"2018-12-04T08:44:00+00:00","article_modified_time":"2019-04-24T10:05:42+00:00","og_image":[{"width":735,"height":606,"url":"https:\/\/www.bonsaicenter.es\/blog\/wp-content\/uploads\/2018\/12\/Thosobonsai-juniperusrigida28729.jpg","type":"image\/jpeg"}],"author":"Beti Andr\u00e9s","twitter_card":"summary_large_image","twitter_creator":"@bonsaisopelana","twitter_site":"@bonsaisopelana","twitter_misc":{"Escrito por":"Beti Andr\u00e9s","Tiempo de lectura":"3 minutos"},"schema":{"@context":"https:\/\/schema.org","@graph":[{"@type":"WebPage","@id":"https:\/\/www.bonsaicenter.es\/blog\/2018\/12\/el-dilema-de-las-raices-del-bonsai\/","url":"https:\/\/www.bonsaicenter.es\/blog\/2018\/12\/el-dilema-de-las-raices-del-bonsai\/","name":"El dilema de las ra\u00edces del bonsai - Recordando - El Arte del Bons\u00e1i en Bilbao | Blog de Beti Andres","isPartOf":{"@id":"https:\/\/www.bonsaicenter.es\/blog\/#website"},"primaryImageOfPage":{"@id":"https:\/\/www.bonsaicenter.es\/blog\/2018\/12\/el-dilema-de-las-raices-del-bonsai\/#primaryimage"},"image":{"@id":"https:\/\/www.bonsaicenter.es\/blog\/2018\/12\/el-dilema-de-las-raices-del-bonsai\/#primaryimage"},"thumbnailUrl":"https:\/\/www.bonsaicenter.es\/blog\/wp-content\/uploads\/2018\/12\/Thosobonsai-juniperusrigida28729.jpg","datePublished":"2018-12-04T08:44:00+00:00","dateModified":"2019-04-24T10:05:42+00:00","author":{"@id":"https:\/\/www.bonsaicenter.es\/blog\/#\/schema\/person\/ca647e80fb248af60e4896d324edc61e"},"description":"\u00bfQu\u00e9 ra\u00edces corto?En el interior de una maceta de bonsai cohabitan dos tiposfundamentales de ra\u00edces.","breadcrumb":{"@id":"https:\/\/www.bonsaicenter.es\/blog\/2018\/12\/el-dilema-de-las-raices-del-bonsai\/#breadcrumb"},"inLanguage":"es","potentialAction":[{"@type":"ReadAction","target":["https:\/\/www.bonsaicenter.es\/blog\/2018\/12\/el-dilema-de-las-raices-del-bonsai\/"]}]},{"@type":"ImageObject","inLanguage":"es","@id":"https:\/\/www.bonsaicenter.es\/blog\/2018\/12\/el-dilema-de-las-raices-del-bonsai\/#primaryimage","url":"https:\/\/www.bonsaicenter.es\/blog\/wp-content\/uploads\/2018\/12\/Thosobonsai-juniperusrigida28729.jpg","contentUrl":"https:\/\/www.bonsaicenter.es\/blog\/wp-content\/uploads\/2018\/12\/Thosobonsai-juniperusrigida28729.jpg","width":735,"height":606,"caption":"Raices de bonsai. cortar o no cortar"},{"@type":"BreadcrumbList","@id":"https:\/\/www.bonsaicenter.es\/blog\/2018\/12\/el-dilema-de-las-raices-del-bonsai\/#breadcrumb","itemListElement":[{"@type":"ListItem","position":1,"name":"Portada","item":"https:\/\/www.bonsaicenter.es\/blog\/"},{"@type":"ListItem","position":2,"name":"El dilema de las ra\u00edces del bonsai &#8211; Recordando"}]},{"@type":"WebSite","@id":"https:\/\/www.bonsaicenter.es\/blog\/#website","url":"https:\/\/www.bonsaicenter.es\/blog\/","name":"El Arte del Bons\u00e1i en Bilbao | Blog de Beti Andres","description":"Bons\u00e1i Center Sopelana","potentialAction":[{"@type":"SearchAction","target":{"@type":"EntryPoint","urlTemplate":"https:\/\/www.bonsaicenter.es\/blog\/?s={search_term_string}"},"query-input":{"@type":"PropertyValueSpecification","valueRequired":true,"valueName":"search_term_string"}}],"inLanguage":"es"},{"@type":"Person","@id":"https:\/\/www.bonsaicenter.es\/blog\/#\/schema\/person\/ca647e80fb248af60e4896d324edc61e","name":"Beti Andr\u00e9s","image":{"@type":"ImageObject","inLanguage":"es","@id":"https:\/\/www.bonsaicenter.es\/blog\/#\/schema\/person\/image\/","url":"https:\/\/secure.gravatar.com\/avatar\/2b96c919fe0c356bc5cea419854b0d273bfa18a2f188d53a66e35075a348dc06?s=96&d=mm&r=g","contentUrl":"https:\/\/secure.gravatar.com\/avatar\/2b96c919fe0c356bc5cea419854b0d273bfa18a2f188d53a66e35075a348dc06?s=96&d=mm&r=g","caption":"Beti Andr\u00e9s"},"description":"Estudi\u00e9 Biolog\u00eda en la Universidad del Pa\u00eds Vasco EHU-UPV. Muy pronto me enamor\u00e9 de los Bons\u00e1is y quise\u00a0 trabajar , viajar y\u00a0 aprender todo lo posible de los grandes maestros del bons\u00e1i. Y ahora, 30 a\u00f1os despu\u00e9s, sigo aprendiendo y compartiendo todo lo que s\u00e9 sobre cuidado y dise\u00f1o de bons\u00e1is. Desde Bonsai Center Sopelana colaboro con grandes maestros y a la vez amigos como Manuel Germade , Taiga Urushibata, entre otros.","sameAs":["https:\/\/www.bonsaicenter.es\/","https:\/\/www.facebook.com\/beti.andres","https:\/\/www.instagram.com\/bonsaicenter_sopelana\/","https:\/\/www.youtube.com\/channel\/UCgfIZYiTGIYp0BAIrXwXrNQ"]}]}},"_links":{"self":[{"href":"https:\/\/www.bonsaicenter.es\/blog\/wp-json\/wp\/v2\/posts\/26","targetHints":{"allow":["GET"]}}],"collection":[{"href":"https:\/\/www.bonsaicenter.es\/blog\/wp-json\/wp\/v2\/posts"}],"about":[{"href":"https:\/\/www.bonsaicenter.es\/blog\/wp-json\/wp\/v2\/types\/post"}],"author":[{"embeddable":true,"href":"https:\/\/www.bonsaicenter.es\/blog\/wp-json\/wp\/v2\/users\/2"}],"replies":[{"embeddable":true,"href":"https:\/\/www.bonsaicenter.es\/blog\/wp-json\/wp\/v2\/comments?post=26"}],"version-history":[{"count":0,"href":"https:\/\/www.bonsaicenter.es\/blog\/wp-json\/wp\/v2\/posts\/26\/revisions"}],"wp:featuredmedia":[{"embeddable":true,"href":"https:\/\/www.bonsaicenter.es\/blog\/wp-json\/wp\/v2\/media\/7400"}],"wp:attachment":[{"href":"https:\/\/www.bonsaicenter.es\/blog\/wp-json\/wp\/v2\/media?parent=26"}],"wp:term":[{"taxonomy":"category","embeddable":true,"href":"https:\/\/www.bonsaicenter.es\/blog\/wp-json\/wp\/v2\/categories?post=26"},{"taxonomy":"post_tag","embeddable":true,"href":"https:\/\/www.bonsaicenter.es\/blog\/wp-json\/wp\/v2\/tags?post=26"}],"curies":[{"name":"wp","href":"https:\/\/api.w.org\/{rel}","templated":true}]}}