{"id":16,"date":"2019-02-19T10:16:00","date_gmt":"2019-02-19T09:16:00","guid":{"rendered":"https:\/\/www.bonsaicenter.es\/blog\/bonsai-se-ralentiza-la-brotacion-si-o-no\/"},"modified":"2019-04-24T10:13:49","modified_gmt":"2019-04-24T09:13:49","slug":"bonsai-se-ralentiza-la-brotacion-si-o-no","status":"publish","type":"post","link":"https:\/\/www.bonsaicenter.es\/blog\/2019\/02\/bonsai-se-ralentiza-la-brotacion-si-o-no\/","title":{"rendered":"Bonsai, \u00bfse ralentiza la brotaci\u00f3n? si o no."},"content":{"rendered":"<p>&nbsp;<\/p>\n<h2 class=\"MsoNormal\" style=\"text-align: center;\">Cuatro dias de tiempo bueno y todo se lia a brotar.<\/h2>\n<div class=\"MsoNormal\" style=\"text-align: justify;\"><\/div>\n<div class=\"separator\" style=\"clear: both; text-align: center;\"><\/div>\n<div class=\"MsoNormal\" style=\"text-align: justify;\"><\/div>\n<div class=\"MsoNormal\" style=\"text-align: justify;\">Sabemos desde hace mucho tiempo que el mundo vegetal y por<br \/>\nende nuestros bons\u00e1is perciben en qu\u00e9 estaci\u00f3n del a\u00f1o nos encontramos a trav\u00e9s<br \/>\nde prote\u00ednas que sintetizan en las hojas.<\/div>\n<div class=\"MsoNormal\" style=\"text-align: justify;\">Nuestros bons\u00e1is tienen en cuenta <span style=\"mso-spacerun: yes;\">\u00a0<\/span>la duraci\u00f3n de los d\u00edas y las temperaturas que<br \/>\nsoportan para prever cu\u00e1ndo se aproxima la primavera.<\/div>\n<div class=\"MsoNormal\" style=\"text-align: justify;\">Ahora debemos a\u00f1adir a esta ecuaci\u00f3n el calentamiento<br \/>\nglobal. Las hojas de los arboles<span style=\"mso-spacerun: yes;\">\u00a0 <\/span>hace<br \/>\nunos a\u00f1os, brotaban m\u00e1s deprisa debido a este aumento de las temperaturas.<br \/>\nAhora sin embargo el proceso se est\u00e1 invirtiendo y las hojas brotan m\u00e1s<br \/>\ntard\u00edamente ralentizando su crecimiento.<\/div>\n<div class=\"MsoNormal\" style=\"text-align: justify;\">Esta ralentizaci\u00f3n es gracias a otro factor que regula la<br \/>\nsalida de las hojas: la acumulaci\u00f3n de fr\u00edo durante el invierno.<\/div>\n<div class=\"MsoNormal\" style=\"text-align: justify;\"><\/div>\n<div class=\"separator\" style=\"clear: both; text-align: center;\"><a style=\"clear: left; float: left; margin-bottom: 1em; margin-right: 1em;\" href=\"https:\/\/www.bonsaicenter.es\/blog\/wp-content\/uploads\/2019\/02\/BROTABonsaiCenterSopelana281029_resize.jpg\"><img decoding=\"async\" src=\"https:\/\/www.bonsaicenter.es\/blog\/wp-content\/uploads\/2019\/02\/BROTABonsaiCenterSopelana281029_resize.jpg\" border=\"0\" data-original-height=\"600\" data-original-width=\"291\" \/><\/a><\/div>\n<div class=\"MsoNormal\" style=\"text-align: justify;\"><\/div>\n<div class=\"MsoNormal\" style=\"text-align: justify;\"><\/div>\n<div class=\"MsoNormal\" style=\"text-align: justify;\"><\/div>\n<div class=\"MsoNormal\" style=\"text-align: justify;\">Parece ser que hay una relaci\u00f3n una relaci\u00f3n entre la temperatura<br \/>\nmedia de la primavera y la fecha de aparici\u00f3n de las primeras hojas de los<br \/>\n\u00e1rboles. &#8220;En general, cada grado que se a\u00f1ade a la temperatura media entre<br \/>\nfebrero y abril, conlleva, dependiendo de la especie, una ventaja de entre 2 a<br \/>\n6 d\u00edas en el brote de las hojas&#8221;.<\/div>\n<div class=\"MsoNormal\" style=\"text-align: justify;\"><b>Por lo dicho anteriormente podemos pensar que como<\/b> la temperatura aumenta debido al<br \/>\ncalentamiento global, las hojas deber\u00edan brotar cada vez m\u00e1s pronto sin embargo<br \/>\nesto se medio controla de alguna manera con los efectos de la inactividad, un<br \/>\nestado en el que los brotes de los \u00e1rboles comienzan a descansar en el oto\u00f1o y<br \/>\nque es causado por un per\u00edodo fr\u00edo lo suficientemente significativo. Si la<br \/>\ntemperatura ambiente se calienta durante el invierno, la latencia se convierte<br \/>\nen parcial y el \u00e1rbol finalmente necesita m\u00e1s calor para &#8220;forzar&#8221; su<br \/>\ndesarrollo, por tanto, debe esperar m\u00e1s tiempo antes de poder desplegar sus<br \/>\nhojas.<\/div>\n<div class=\"MsoNormal\" style=\"text-align: justify;\">Los bons\u00e1is <span style=\"mso-spacerun: yes;\">\u00a0<\/span>no brotan<br \/>\ntan pronto como se pensaba porque necesitan acumular un cierto n\u00famero de noches<br \/>\nfr\u00edas para despertar del estado de parada invernal.<\/div>\n<div class=\"MsoNormal\" style=\"text-align: justify;\"><\/div>\n<div class=\"MsoNormal\" style=\"text-align: justify;\"><\/div>\n<div class=\"MsoNormal\" style=\"text-align: justify;\"><\/div>\n<div class=\"MsoNormal\" style=\"text-align: justify;\"><\/div>\n<div class=\"MsoNormal\" style=\"text-align: justify;\"><\/div>\n<div class=\"MsoNormal\" style=\"text-align: justify;\"><\/div>\n<div class=\"MsoNormal\" style=\"text-align: justify;\"><\/div>\n<div class=\"MsoNormal\" style=\"text-align: justify;\"><\/div>\n<div class=\"MsoNormal\" style=\"text-align: justify;\"><\/div>\n<div class=\"MsoNormal\" style=\"text-align: justify;\"><\/div>\n<div class=\"MsoNormal\" style=\"text-align: justify;\"><\/div>\n<div class=\"MsoNormal\" style=\"text-align: justify;\"><\/div>\n<div class=\"MsoNormal\" style=\"text-align: justify;\">Otro factor ayuda tambi\u00e9n a contrarrestar la aparici\u00f3n de<br \/>\nlas hojas demasiado temprano: la longitud del d\u00eda, lo que los especialistas<br \/>\nllaman &#8220;fotoperiodo&#8221;. Si la temperatura anima a los bons\u00e1is a<br \/>\nadelantar la fecha del brote de las hojas, la planta se expone a una longitud<br \/>\ndel d\u00eda m\u00e1s corta de lo esperado, lo que genera el efecto de retrasar la<br \/>\naparici\u00f3n de las hojas, un mecanismo que es tambi\u00e9n una protecci\u00f3n adicional<br \/>\ncontra las heladas tard\u00edas.<\/div>\n<div class=\"MsoNormal\" style=\"text-align: justify;\"><\/div>\n<div class=\"separator\" style=\"clear: both; text-align: center;\"><a style=\"margin-left: 1em; margin-right: 1em;\" href=\"https:\/\/www.bonsaicenter.es\/blog\/wp-content\/uploads\/2019\/02\/BROTABonsaiCenterSopelana28129_resize.jpg\"><img decoding=\"async\" src=\"https:\/\/www.bonsaicenter.es\/blog\/wp-content\/uploads\/2019\/02\/BROTABonsaiCenterSopelana28129_resize.jpg\" border=\"0\" data-original-height=\"389\" data-original-width=\"800\" \/><\/a><\/div>\n<div class=\"MsoNormal\" style=\"text-align: justify;\"><\/div>\n<div class=\"MsoNormal\" style=\"text-align: justify;\">&#8220;Las plantas est\u00e1n evitando que los brotes salgan antes<br \/>\nde tiempo porque detectan las pocas horas de luz caracter\u00edsticas del invierno.<br \/>\nGracias a este mecanismo, protegen los primeros brotes de los posibles da\u00f1os de<br \/>\nlas heladas\u201d.<\/div>\n<div class=\"MsoNormal\" style=\"text-align: justify;\">Es posible que los bons\u00e1is caducos tengan problemas para<br \/>\ncontrolar la salida y el desarrollo de las hojas si contin\u00faa disminuyendo el<br \/>\nfr\u00edo invernal, igual que sucede cuando se plantan \u00e1rboles frutales en pa\u00edses muy<br \/>\nc\u00e1lidos.<\/div>\n<div class=\"MsoNormal\" style=\"text-align: justify;\"><\/div>\n<div class=\"separator\" style=\"clear: both; text-align: center;\"><a style=\"margin-left: 1em; margin-right: 1em;\" href=\"https:\/\/www.bonsaicenter.es\/blog\/wp-content\/uploads\/2019\/02\/BROTABonsaiCenterSopelana281329_resize.jpg\"><img decoding=\"async\" src=\"https:\/\/www.bonsaicenter.es\/blog\/wp-content\/uploads\/2019\/02\/BROTABonsaiCenterSopelana281329_resize.jpg\" border=\"0\" data-original-height=\"389\" data-original-width=\"800\" \/><\/a><\/div>\n<div class=\"MsoNormal\" style=\"text-align: justify;\"><\/div>\n<div class=\"MsoNormal\" style=\"text-align: center;\"><span style=\"font-size: x-large;\"><b>Saludos cordiales desde Bilbao<\/b><\/span><\/div>\n<div class=\"MsoNormal\" style=\"text-align: center;\"><span style=\"font-size: x-large;\"><b>Beti Andr\u00e9s<\/b><\/span><\/div>\n<div class=\"MsoNormal\" style=\"text-align: center;\"><\/div>\n<div class=\"MsoNormal\" style=\"text-align: center;\"><a href=\"http:\/\/www.bonsaicenter.es\/\"><span style=\"font-size: x-large;\"><b>visita www.bonsaicenter.es\u00a0<\/b><\/span><\/a><\/div>\n","protected":false},"excerpt":{"rendered":"<p>&nbsp; Cuatro dias de tiempo bueno y todo se lia a brotar. Sabemos desde hace mucho tiempo que el mundo vegetal y por ende nuestros bons\u00e1is perciben en qu\u00e9 estaci\u00f3n del a\u00f1o nos encontramos a trav\u00e9s de prote\u00ednas que sintetizan en las hojas. Nuestros bons\u00e1is tienen en cuenta \u00a0la duraci\u00f3n de los d\u00edas y las [&hellip;]<\/p>\n","protected":false},"author":2,"featured_media":7681,"comment_status":"closed","ping_status":"open","sticky":false,"template":"","format":"standard","meta":{"ocean_post_layout":"","ocean_both_sidebars_style":"","ocean_both_sidebars_content_width":0,"ocean_both_sidebars_sidebars_width":0,"ocean_sidebar":"","ocean_second_sidebar":"","ocean_disable_margins":"enable","ocean_add_body_class":"","ocean_shortcode_before_top_bar":"","ocean_shortcode_after_top_bar":"","ocean_shortcode_before_header":"","ocean_shortcode_after_header":"","ocean_has_shortcode":"","ocean_shortcode_after_title":"","ocean_shortcode_before_footer_widgets":"","ocean_shortcode_after_footer_widgets":"","ocean_shortcode_before_footer_bottom":"","ocean_shortcode_after_footer_bottom":"","ocean_display_top_bar":"default","ocean_display_header":"default","ocean_header_style":"","ocean_center_header_left_menu":"","ocean_custom_header_template":"","ocean_custom_logo":0,"ocean_custom_retina_logo":0,"ocean_custom_logo_max_width":0,"ocean_custom_logo_tablet_max_width":0,"ocean_custom_logo_mobile_max_width":0,"ocean_custom_logo_max_height":0,"ocean_custom_logo_tablet_max_height":0,"ocean_custom_logo_mobile_max_height":0,"ocean_header_custom_menu":"","ocean_menu_typo_font_family":"","ocean_menu_typo_font_subset":"","ocean_menu_typo_font_size":0,"ocean_menu_typo_font_size_tablet":0,"ocean_menu_typo_font_size_mobile":0,"ocean_menu_typo_font_size_unit":"px","ocean_menu_typo_font_weight":"","ocean_menu_typo_font_weight_tablet":"","ocean_menu_typo_font_weight_mobile":"","ocean_menu_typo_transform":"","ocean_menu_typo_transform_tablet":"","ocean_menu_typo_transform_mobile":"","ocean_menu_typo_line_height":0,"ocean_menu_typo_line_height_tablet":0,"ocean_menu_typo_line_height_mobile":0,"ocean_menu_typo_line_height_unit":"","ocean_menu_typo_spacing":0,"ocean_menu_typo_spacing_tablet":0,"ocean_menu_typo_spacing_mobile":0,"ocean_menu_typo_spacing_unit":"","ocean_menu_link_color":"","ocean_menu_link_color_hover":"","ocean_menu_link_color_active":"","ocean_menu_link_background":"","ocean_menu_link_hover_background":"","ocean_menu_link_active_background":"","ocean_menu_social_links_bg":"","ocean_menu_social_hover_links_bg":"","ocean_menu_social_links_color":"","ocean_menu_social_hover_links_color":"","ocean_disable_title":"default","ocean_disable_heading":"default","ocean_post_title":"","ocean_post_subheading":"","ocean_post_title_style":"","ocean_post_title_background_color":"","ocean_post_title_background":0,"ocean_post_title_bg_image_position":"","ocean_post_title_bg_image_attachment":"","ocean_post_title_bg_image_repeat":"","ocean_post_title_bg_image_size":"","ocean_post_title_height":0,"ocean_post_title_bg_overlay":0.5,"ocean_post_title_bg_overlay_color":"","ocean_disable_breadcrumbs":"default","ocean_breadcrumbs_color":"","ocean_breadcrumbs_separator_color":"","ocean_breadcrumbs_links_color":"","ocean_breadcrumbs_links_hover_color":"","ocean_display_footer_widgets":"default","ocean_display_footer_bottom":"default","ocean_custom_footer_template":"","ocean_post_oembed":"","ocean_post_self_hosted_media":"","ocean_post_video_embed":"","ocean_link_format":"","ocean_link_format_target":"self","ocean_quote_format":"","ocean_quote_format_link":"post","ocean_gallery_link_images":"on","ocean_gallery_id":[],"footnotes":""},"categories":[26,25],"tags":[2,3,7],"class_list":["post-16","post","type-post","status-publish","format-standard","has-post-thumbnail","hentry","category-bonsai","category-tienda-de-bonsais","tag-bonsai-bilbao","tag-bonsai-cuidados","tag-formacion","entry","has-media"],"yoast_head":"<!-- This site is optimized with the Yoast SEO plugin v26.1.1 - https:\/\/yoast.com\/wordpress\/plugins\/seo\/ -->\n<title>Bonsai, \u00bfse ralentiza la brotaci\u00f3n? si o no. - El Arte del Bons\u00e1i en Bilbao | Blog de Beti Andres<\/title>\n<meta name=\"robots\" content=\"index, follow, max-snippet:-1, max-image-preview:large, max-video-preview:-1\" \/>\n<link rel=\"canonical\" href=\"https:\/\/www.bonsaicenter.es\/blog\/2019\/02\/bonsai-se-ralentiza-la-brotacion-si-o-no\/\" \/>\n<meta property=\"og:locale\" content=\"es_ES\" \/>\n<meta property=\"og:type\" content=\"article\" \/>\n<meta property=\"og:title\" content=\"Bonsai, \u00bfse ralentiza la brotaci\u00f3n? si o no. - El Arte del Bons\u00e1i en Bilbao | Blog de Beti Andres\" \/>\n<meta property=\"og:description\" content=\"&nbsp; Cuatro dias de tiempo bueno y todo se lia a brotar. Sabemos desde hace mucho tiempo que el mundo vegetal y por ende nuestros bons\u00e1is perciben en qu\u00e9 estaci\u00f3n del a\u00f1o nos encontramos a trav\u00e9s de prote\u00ednas que sintetizan en las hojas. Nuestros bons\u00e1is tienen en cuenta \u00a0la duraci\u00f3n de los d\u00edas y las [&hellip;]\" \/>\n<meta property=\"og:url\" content=\"https:\/\/www.bonsaicenter.es\/blog\/2019\/02\/bonsai-se-ralentiza-la-brotacion-si-o-no\/\" \/>\n<meta property=\"og:site_name\" content=\"El Arte del Bons\u00e1i en Bilbao | Blog de Beti Andres\" \/>\n<meta property=\"article:publisher\" content=\"https:\/\/www.facebook.com\/BonsaiCenterSopelana\/\" \/>\n<meta property=\"article:author\" content=\"https:\/\/www.facebook.com\/beti.andres\" \/>\n<meta property=\"article:published_time\" content=\"2019-02-19T09:16:00+00:00\" \/>\n<meta property=\"article:modified_time\" content=\"2019-04-24T09:13:49+00:00\" \/>\n<meta property=\"og:image\" content=\"https:\/\/www.bonsaicenter.es\/blog\/wp-content\/uploads\/2019\/02\/BROTABonsaiCenterSopelana28429_resize.jpg\" \/>\n\t<meta property=\"og:image:width\" content=\"800\" \/>\n\t<meta property=\"og:image:height\" content=\"388\" \/>\n\t<meta property=\"og:image:type\" content=\"image\/jpeg\" \/>\n<meta name=\"author\" content=\"Beti Andr\u00e9s\" \/>\n<meta name=\"twitter:card\" content=\"summary_large_image\" \/>\n<meta name=\"twitter:creator\" content=\"@bonsaisopelana\" \/>\n<meta name=\"twitter:site\" content=\"@bonsaisopelana\" \/>\n<meta name=\"twitter:label1\" content=\"Escrito por\" \/>\n\t<meta name=\"twitter:data1\" content=\"Beti Andr\u00e9s\" \/>\n\t<meta name=\"twitter:label2\" content=\"Tiempo de lectura\" \/>\n\t<meta name=\"twitter:data2\" content=\"3 minutos\" \/>\n<!-- \/ Yoast SEO plugin. -->","yoast_head_json":{"title":"Bonsai, \u00bfse ralentiza la brotaci\u00f3n? si o no. - El Arte del Bons\u00e1i en Bilbao | Blog de Beti Andres","robots":{"index":"index","follow":"follow","max-snippet":"max-snippet:-1","max-image-preview":"max-image-preview:large","max-video-preview":"max-video-preview:-1"},"canonical":"https:\/\/www.bonsaicenter.es\/blog\/2019\/02\/bonsai-se-ralentiza-la-brotacion-si-o-no\/","og_locale":"es_ES","og_type":"article","og_title":"Bonsai, \u00bfse ralentiza la brotaci\u00f3n? si o no. - El Arte del Bons\u00e1i en Bilbao | Blog de Beti Andres","og_description":"&nbsp; Cuatro dias de tiempo bueno y todo se lia a brotar. Sabemos desde hace mucho tiempo que el mundo vegetal y por ende nuestros bons\u00e1is perciben en qu\u00e9 estaci\u00f3n del a\u00f1o nos encontramos a trav\u00e9s de prote\u00ednas que sintetizan en las hojas. Nuestros bons\u00e1is tienen en cuenta \u00a0la duraci\u00f3n de los d\u00edas y las [&hellip;]","og_url":"https:\/\/www.bonsaicenter.es\/blog\/2019\/02\/bonsai-se-ralentiza-la-brotacion-si-o-no\/","og_site_name":"El Arte del Bons\u00e1i en Bilbao | Blog de Beti Andres","article_publisher":"https:\/\/www.facebook.com\/BonsaiCenterSopelana\/","article_author":"https:\/\/www.facebook.com\/beti.andres","article_published_time":"2019-02-19T09:16:00+00:00","article_modified_time":"2019-04-24T09:13:49+00:00","og_image":[{"width":800,"height":388,"url":"https:\/\/www.bonsaicenter.es\/blog\/wp-content\/uploads\/2019\/02\/BROTABonsaiCenterSopelana28429_resize.jpg","type":"image\/jpeg"}],"author":"Beti Andr\u00e9s","twitter_card":"summary_large_image","twitter_creator":"@bonsaisopelana","twitter_site":"@bonsaisopelana","twitter_misc":{"Escrito por":"Beti Andr\u00e9s","Tiempo de lectura":"3 minutos"},"schema":{"@context":"https:\/\/schema.org","@graph":[{"@type":"WebPage","@id":"https:\/\/www.bonsaicenter.es\/blog\/2019\/02\/bonsai-se-ralentiza-la-brotacion-si-o-no\/","url":"https:\/\/www.bonsaicenter.es\/blog\/2019\/02\/bonsai-se-ralentiza-la-brotacion-si-o-no\/","name":"Bonsai, \u00bfse ralentiza la brotaci\u00f3n? si o no. - El Arte del Bons\u00e1i en Bilbao | Blog de Beti Andres","isPartOf":{"@id":"https:\/\/www.bonsaicenter.es\/blog\/#website"},"primaryImageOfPage":{"@id":"https:\/\/www.bonsaicenter.es\/blog\/2019\/02\/bonsai-se-ralentiza-la-brotacion-si-o-no\/#primaryimage"},"image":{"@id":"https:\/\/www.bonsaicenter.es\/blog\/2019\/02\/bonsai-se-ralentiza-la-brotacion-si-o-no\/#primaryimage"},"thumbnailUrl":"https:\/\/www.bonsaicenter.es\/blog\/wp-content\/uploads\/2019\/02\/BROTABonsaiCenterSopelana28429_resize.jpg","datePublished":"2019-02-19T09:16:00+00:00","dateModified":"2019-04-24T09:13:49+00:00","author":{"@id":"https:\/\/www.bonsaicenter.es\/blog\/#\/schema\/person\/ca647e80fb248af60e4896d324edc61e"},"breadcrumb":{"@id":"https:\/\/www.bonsaicenter.es\/blog\/2019\/02\/bonsai-se-ralentiza-la-brotacion-si-o-no\/#breadcrumb"},"inLanguage":"es","potentialAction":[{"@type":"ReadAction","target":["https:\/\/www.bonsaicenter.es\/blog\/2019\/02\/bonsai-se-ralentiza-la-brotacion-si-o-no\/"]}]},{"@type":"ImageObject","inLanguage":"es","@id":"https:\/\/www.bonsaicenter.es\/blog\/2019\/02\/bonsai-se-ralentiza-la-brotacion-si-o-no\/#primaryimage","url":"https:\/\/www.bonsaicenter.es\/blog\/wp-content\/uploads\/2019\/02\/BROTABonsaiCenterSopelana28429_resize.jpg","contentUrl":"https:\/\/www.bonsaicenter.es\/blog\/wp-content\/uploads\/2019\/02\/BROTABonsaiCenterSopelana28429_resize.jpg","width":800,"height":388,"caption":"Bonsai brotes de primavera"},{"@type":"BreadcrumbList","@id":"https:\/\/www.bonsaicenter.es\/blog\/2019\/02\/bonsai-se-ralentiza-la-brotacion-si-o-no\/#breadcrumb","itemListElement":[{"@type":"ListItem","position":1,"name":"Portada","item":"https:\/\/www.bonsaicenter.es\/blog\/"},{"@type":"ListItem","position":2,"name":"Bonsai, \u00bfse ralentiza la brotaci\u00f3n? si o no."}]},{"@type":"WebSite","@id":"https:\/\/www.bonsaicenter.es\/blog\/#website","url":"https:\/\/www.bonsaicenter.es\/blog\/","name":"El Arte del Bons\u00e1i en Bilbao | Blog de Beti Andres","description":"Bons\u00e1i Center Sopelana","potentialAction":[{"@type":"SearchAction","target":{"@type":"EntryPoint","urlTemplate":"https:\/\/www.bonsaicenter.es\/blog\/?s={search_term_string}"},"query-input":{"@type":"PropertyValueSpecification","valueRequired":true,"valueName":"search_term_string"}}],"inLanguage":"es"},{"@type":"Person","@id":"https:\/\/www.bonsaicenter.es\/blog\/#\/schema\/person\/ca647e80fb248af60e4896d324edc61e","name":"Beti Andr\u00e9s","image":{"@type":"ImageObject","inLanguage":"es","@id":"https:\/\/www.bonsaicenter.es\/blog\/#\/schema\/person\/image\/","url":"https:\/\/secure.gravatar.com\/avatar\/2b96c919fe0c356bc5cea419854b0d273bfa18a2f188d53a66e35075a348dc06?s=96&d=mm&r=g","contentUrl":"https:\/\/secure.gravatar.com\/avatar\/2b96c919fe0c356bc5cea419854b0d273bfa18a2f188d53a66e35075a348dc06?s=96&d=mm&r=g","caption":"Beti Andr\u00e9s"},"description":"Estudi\u00e9 Biolog\u00eda en la Universidad del Pa\u00eds Vasco EHU-UPV. Muy pronto me enamor\u00e9 de los Bons\u00e1is y quise\u00a0 trabajar , viajar y\u00a0 aprender todo lo posible de los grandes maestros del bons\u00e1i. Y ahora, 30 a\u00f1os despu\u00e9s, sigo aprendiendo y compartiendo todo lo que s\u00e9 sobre cuidado y dise\u00f1o de bons\u00e1is. Desde Bonsai Center Sopelana colaboro con grandes maestros y a la vez amigos como Manuel Germade , Taiga Urushibata, entre otros.","sameAs":["https:\/\/www.bonsaicenter.es\/","https:\/\/www.facebook.com\/beti.andres","https:\/\/www.instagram.com\/bonsaicenter_sopelana\/","https:\/\/www.youtube.com\/channel\/UCgfIZYiTGIYp0BAIrXwXrNQ"]}]}},"_links":{"self":[{"href":"https:\/\/www.bonsaicenter.es\/blog\/wp-json\/wp\/v2\/posts\/16","targetHints":{"allow":["GET"]}}],"collection":[{"href":"https:\/\/www.bonsaicenter.es\/blog\/wp-json\/wp\/v2\/posts"}],"about":[{"href":"https:\/\/www.bonsaicenter.es\/blog\/wp-json\/wp\/v2\/types\/post"}],"author":[{"embeddable":true,"href":"https:\/\/www.bonsaicenter.es\/blog\/wp-json\/wp\/v2\/users\/2"}],"replies":[{"embeddable":true,"href":"https:\/\/www.bonsaicenter.es\/blog\/wp-json\/wp\/v2\/comments?post=16"}],"version-history":[{"count":0,"href":"https:\/\/www.bonsaicenter.es\/blog\/wp-json\/wp\/v2\/posts\/16\/revisions"}],"wp:featuredmedia":[{"embeddable":true,"href":"https:\/\/www.bonsaicenter.es\/blog\/wp-json\/wp\/v2\/media\/7681"}],"wp:attachment":[{"href":"https:\/\/www.bonsaicenter.es\/blog\/wp-json\/wp\/v2\/media?parent=16"}],"wp:term":[{"taxonomy":"category","embeddable":true,"href":"https:\/\/www.bonsaicenter.es\/blog\/wp-json\/wp\/v2\/categories?post=16"},{"taxonomy":"post_tag","embeddable":true,"href":"https:\/\/www.bonsaicenter.es\/blog\/wp-json\/wp\/v2\/tags?post=16"}],"curies":[{"name":"wp","href":"https:\/\/api.w.org\/{rel}","templated":true}]}}